{"id":9771,"date":"2019-03-11T13:15:28","date_gmt":"2019-03-11T16:15:28","guid":{"rendered":"http:\/\/www.esportesbrasilia.com.br\/noticias\/?p=9771"},"modified":"2019-03-11T15:53:25","modified_gmt":"2019-03-11T18:53:25","slug":"estudantes-disputam-vaga-para-o-mundial-escolar-de-basquete-em-brasilia","status":"publish","type":"post","link":"https:\/\/www.esportesbrasilia.com.br\/noticias\/outros\/estudantes-disputam-vaga-para-o-mundial-escolar-de-basquete-em-brasilia.html","title":{"rendered":"Estudantes disputam vaga para o Mundial Escolar de Basquete em Bras\u00edlia"},"content":{"rendered":"\n<p>At\u00e9 a pr\u00f3xima quinta-feira (14), o Col\u00e9gio Marist\u00e3o da Asa Sul vai sediar a s\u00e9tima edi\u00e7\u00e3o do Brasileiro Escolar de Basquete. Atletas escolares de institui\u00e7\u00f5es p\u00fablicas e particulares de todas as partes do Brasil est\u00e3o em Bras\u00edlia para disputar mais uma seletiva nacional.<\/p>\n\n\n\n<p>Os alunos que conquistarem a medalha de ouro v\u00e3o representar o Brasil no Mundial ISF de Basquete, torneio que ocorrer\u00e1 entre os dias 12 e 20 de abril, na Gr\u00e9cia.<\/p>\n\n\n\n<p>Promovido pela Confedera\u00e7\u00e3o Brasileira do Desporto Escolar (CBDE), em parceria com a Federa\u00e7\u00e3o Regional do Desporto Escolar do Distrito Federal e Entorno (FRDE-DF), o Brasileiro Escolar de Basquete re\u00fane mais de mil pessoas diretamente envolvidas no evento, o que que comprova a grandiosidade e a import\u00e2ncia da competi\u00e7\u00e3o que credencia os vencedores para o Mundial da modalidade.<\/p>\n","protected":false},"excerpt":{"rendered":"<p>At\u00e9 a pr\u00f3xima quinta-feira (14), o Col\u00e9gio Marist\u00e3o da Asa Sul vai sediar a s\u00e9tima edi\u00e7\u00e3o do Brasileiro Escolar de Basquete. Atletas escolares de institui\u00e7\u00f5es p\u00fablicas e particulares de todas as partes do Brasil est\u00e3o em Bras\u00edlia para disputar mais uma seletiva nacional. Os alunos que conquistarem a medalha de ouro v\u00e3o representar o Brasil [&hellip;]<\/p>\n","protected":false},"author":1,"featured_media":9772,"comment_status":"open","ping_status":"closed","sticky":false,"template":"","format":"standard","meta":{"footnotes":""},"categories":[2],"tags":[316,315],"class_list":["post-9771","post","type-post","status-publish","format-standard","has-post-thumbnail","hentry","category-outros","tag-cbde","tag-mundial-escolar"],"_links":{"self":[{"href":"https:\/\/www.esportesbrasilia.com.br\/noticias\/wp-json\/wp\/v2\/posts\/9771","targetHints":{"allow":["GET"]}}],"collection":[{"href":"https:\/\/www.esportesbrasilia.com.br\/noticias\/wp-json\/wp\/v2\/posts"}],"about":[{"href":"https:\/\/www.esportesbrasilia.com.br\/noticias\/wp-json\/wp\/v2\/types\/post"}],"author":[{"embeddable":true,"href":"https:\/\/www.esportesbrasilia.com.br\/noticias\/wp-json\/wp\/v2\/users\/1"}],"replies":[{"embeddable":true,"href":"https:\/\/www.esportesbrasilia.com.br\/noticias\/wp-json\/wp\/v2\/comments?post=9771"}],"version-history":[{"count":1,"href":"https:\/\/www.esportesbrasilia.com.br\/noticias\/wp-json\/wp\/v2\/posts\/9771\/revisions"}],"predecessor-version":[{"id":9773,"href":"https:\/\/www.esportesbrasilia.com.br\/noticias\/wp-json\/wp\/v2\/posts\/9771\/revisions\/9773"}],"wp:featuredmedia":[{"embeddable":true,"href":"https:\/\/www.esportesbrasilia.com.br\/noticias\/wp-json\/wp\/v2\/media\/9772"}],"wp:attachment":[{"href":"https:\/\/www.esportesbrasilia.com.br\/noticias\/wp-json\/wp\/v2\/media?parent=9771"}],"wp:term":[{"taxonomy":"category","embeddable":true,"href":"https:\/\/www.esportesbrasilia.com.br\/noticias\/wp-json\/wp\/v2\/categories?post=9771"},{"taxonomy":"post_tag","embeddable":true,"href":"https:\/\/www.esportesbrasilia.com.br\/noticias\/wp-json\/wp\/v2\/tags?post=9771"}],"curies":[{"name":"wp","href":"https:\/\/api.w.org\/{rel}","templated":true}]}}