{"id":9504,"date":"2019-02-16T21:12:43","date_gmt":"2019-02-17T00:12:43","guid":{"rendered":"http:\/\/www.esportesbrasilia.com.br\/noticias\/?p=9504"},"modified":"2019-02-17T22:06:03","modified_gmt":"2019-02-18T01:06:03","slug":"cerrado-basquete-vence-rio-claro-na-largada-da-liga-ouro","status":"publish","type":"post","link":"https:\/\/www.esportesbrasilia.com.br\/noticias\/basquete\/cerrado-basquete-vence-rio-claro-na-largada-da-liga-ouro.html","title":{"rendered":"Cerrado Basquete vence Rio Claro na largada da Liga Ouro"},"content":{"rendered":"\n<p><em>Fonte: Liga\u00a0Nacional\u00a0de Basquete<\/em><\/p>\n\n\n\n<p>A trajet\u00f3ria do Cerrado Basquete na Liga Ouro 2019 come\u00e7ou com vit\u00f3ria. Na noite deste s\u00e1bado, a equipe do Distrito Federal levou a melhor sobre o tradicional Renata\/Rio Claro, no Gin\u00e1sio da Iesplan, pelo placar de 68 a 61, e estreou com resultado positivo na competi\u00e7\u00e3o. <\/p>\n\n\n\n<p>A vit\u00f3ria do Cerrado veio de virada. Depois de ver o Rio Claro ir para o intervalo em vantagem (35 a 33), a equipe do t\u00e9cnico Carlos Magno conseguiu a virada na metade do terceiro quarto e controlou a vantagem at\u00e9 o final da partida. No \u00faltimo quarto, inclusive, a margem subiu para a casa dos dez pontos e deu uma maior tranquilidade para os donos da casa fecharem o confronto. <\/p>\n\n\n\n<figure class=\"wp-block-image\"><img loading=\"lazy\" decoding=\"async\" width=\"1024\" height=\"678\" src=\"https:\/\/www.esportesbrasilia.com.br\/noticias\/wp-content\/uploads\/cerradoxrioclaro_rogerioguerreiro-1024x678.jpg\" alt=\"\" class=\"wp-image-9505\" srcset=\"https:\/\/www.esportesbrasilia.com.br\/noticias\/wp-content\/uploads\/cerradoxrioclaro_rogerioguerreiro-1024x678.jpg 1024w, https:\/\/www.esportesbrasilia.com.br\/noticias\/wp-content\/uploads\/cerradoxrioclaro_rogerioguerreiro-300x199.jpg 300w, https:\/\/www.esportesbrasilia.com.br\/noticias\/wp-content\/uploads\/cerradoxrioclaro_rogerioguerreiro-768x509.jpg 768w, https:\/\/www.esportesbrasilia.com.br\/noticias\/wp-content\/uploads\/cerradoxrioclaro_rogerioguerreiro-696x461.jpg 696w, https:\/\/www.esportesbrasilia.com.br\/noticias\/wp-content\/uploads\/cerradoxrioclaro_rogerioguerreiro-1068x707.jpg 1068w, https:\/\/www.esportesbrasilia.com.br\/noticias\/wp-content\/uploads\/cerradoxrioclaro_rogerioguerreiro-634x420.jpg 634w\" sizes=\"auto, (max-width: 1024px) 100vw, 1024px\" \/><figcaption>Depois de vencer na estreia, o Cerrado tentar\u00e1 manter sua invencibilidade na Liga Ouro 2019 nesta segunda-feira (18\/02), contra o S\u00e3o Paulo FC, no Gin\u00e1sio da Iesplan, em Bras\u00edlia (DF), \u00e0s 20 horas &#8211; Foto: Rog\u00e9rio Guerreiro\/Divulga\u00e7\u00e3o<\/figcaption><\/figure>\n\n\n\n<p>O armador Patrick Carioca mostrou logo de cara que ser\u00e1 o grande condutor da campanha do Cerrado na Liga Ouro. O jogador de 25 anos registrou um duplo-duplo de 17 pontos e 13 rebotes e ainda contribuiu com sete assist\u00eancias. <\/p>\n\n\n\n<p>Pelo lado do Rio Claro, que sofreu a segunda derrota em duas partidas, o destaque novamente ficou por conta do ala\/piv\u00f4 norte-americano Drew Maynard, que deixou a quadra com 17 pontos, nove rebotes e tr\u00eas assist\u00eancias (21 de efici\u00eancia). <\/p>\n","protected":false},"excerpt":{"rendered":"<p>Fonte: Liga\u00a0Nacional\u00a0de Basquete A trajet\u00f3ria do Cerrado Basquete na Liga Ouro 2019 come\u00e7ou com vit\u00f3ria. Na noite deste s\u00e1bado, a equipe do Distrito Federal levou a melhor sobre o tradicional Renata\/Rio Claro, no Gin\u00e1sio da Iesplan, pelo placar de 68 a 61, e estreou com resultado positivo na competi\u00e7\u00e3o. A vit\u00f3ria do Cerrado veio de [&hellip;]<\/p>\n","protected":false},"author":1,"featured_media":9506,"comment_status":"open","ping_status":"closed","sticky":false,"template":"","format":"standard","meta":{"footnotes":""},"categories":[12],"tags":[151],"class_list":["post-9504","post","type-post","status-publish","format-standard","has-post-thumbnail","hentry","category-basquete","tag-cerrado-basquete"],"_links":{"self":[{"href":"https:\/\/www.esportesbrasilia.com.br\/noticias\/wp-json\/wp\/v2\/posts\/9504","targetHints":{"allow":["GET"]}}],"collection":[{"href":"https:\/\/www.esportesbrasilia.com.br\/noticias\/wp-json\/wp\/v2\/posts"}],"about":[{"href":"https:\/\/www.esportesbrasilia.com.br\/noticias\/wp-json\/wp\/v2\/types\/post"}],"author":[{"embeddable":true,"href":"https:\/\/www.esportesbrasilia.com.br\/noticias\/wp-json\/wp\/v2\/users\/1"}],"replies":[{"embeddable":true,"href":"https:\/\/www.esportesbrasilia.com.br\/noticias\/wp-json\/wp\/v2\/comments?post=9504"}],"version-history":[{"count":1,"href":"https:\/\/www.esportesbrasilia.com.br\/noticias\/wp-json\/wp\/v2\/posts\/9504\/revisions"}],"predecessor-version":[{"id":9507,"href":"https:\/\/www.esportesbrasilia.com.br\/noticias\/wp-json\/wp\/v2\/posts\/9504\/revisions\/9507"}],"wp:featuredmedia":[{"embeddable":true,"href":"https:\/\/www.esportesbrasilia.com.br\/noticias\/wp-json\/wp\/v2\/media\/9506"}],"wp:attachment":[{"href":"https:\/\/www.esportesbrasilia.com.br\/noticias\/wp-json\/wp\/v2\/media?parent=9504"}],"wp:term":[{"taxonomy":"category","embeddable":true,"href":"https:\/\/www.esportesbrasilia.com.br\/noticias\/wp-json\/wp\/v2\/categories?post=9504"},{"taxonomy":"post_tag","embeddable":true,"href":"https:\/\/www.esportesbrasilia.com.br\/noticias\/wp-json\/wp\/v2\/tags?post=9504"}],"curies":[{"name":"wp","href":"https:\/\/api.w.org\/{rel}","templated":true}]}}