{"id":9469,"date":"2019-02-15T09:20:32","date_gmt":"2019-02-15T12:20:32","guid":{"rendered":"http:\/\/www.esportesbrasilia.com.br\/noticias\/?p=9469"},"modified":"2019-02-15T09:20:37","modified_gmt":"2019-02-15T12:20:37","slug":"cerrado-basquete-esta-pronto-para-a-estreia-na-liga-ouro-2019","status":"publish","type":"post","link":"https:\/\/www.esportesbrasilia.com.br\/noticias\/basquete\/cerrado-basquete-esta-pronto-para-a-estreia-na-liga-ouro-2019.html","title":{"rendered":"Cerrado Basquete est\u00e1 pronto para a estreia na Liga Ouro 2019"},"content":{"rendered":"\n<p>Depois de quase cem dias de prepara\u00e7\u00e3o, chegou a hora. O Cerrado Basquete, time que representar\u00e1 o Distrito Federal na Liga Ouro 2019, estrear\u00e1 na competi\u00e7\u00e3o neste s\u00e1bado (16.02). O advers\u00e1rio ser\u00e1 o Rio Claro\/Renata, de S\u00e3o Paulo e a partida est\u00e1 marcada para \u00e0s 18h.<\/p>\n\n\n\n<p>At\u00e9 o momento, para este campeonato, o Cerrado Basquete inscreveu 15 atletas. Todos est\u00e3o regularizados junto \u00e0s entidades nacionais e internacionais do basquete e \u00e0 disposi\u00e7\u00e3o do t\u00e9cnico Ronaldo Pacheco.<\/p>\n\n\n\n<p>Nesta quinta-feira (14.02), o time realizou um treino coletivo no Gin\u00e1sio da Iesplan, local que receber\u00e1 as partidas da Liga Ouro. O elenco foi dividido em dois times e a equipe considerada titular venceu por 60&#215;48.<\/p>\n\n\n\n<p>O ala Danilo Sena, que vestir\u00e1 a camisa 07 do Cerrado Basquete, analisa a partida deste s\u00e1bado. &#8220;A expectativa \u00e9 alta. N\u00f3s conseguimos encaixar o time, mesmo em uma semana de treino. J\u00e1 d\u00e1 pra ter um estilo de jogo, pois vamos jogar na velocidade, j\u00e1 que temos um time atl\u00e9tico e jovem&#8221;, ressalta.<\/p>\n\n\n\n<p>&#8220;N\u00f3s pegamos jogadores de qualidade. A quest\u00e3o \u00e9 formar essa qu\u00edmica, pois todos precisam estar no mesmo esp\u00edrito. Mas no Cerrado Basquete, temos um grupo muito bom. Todos se ajudam, o clima tem sido muito bom. \u00c9 um trabalho de equipe&#8221;, analisa Ronaldo Pacheco, t\u00e9cnico do Cerrado.<\/p>\n\n\n\n<p><strong>Refor\u00e7os americanos<\/strong><br>O Cerrado Basquete anunciou, nesta quinta-feira (14.02), a chegada de mais um jogador para o elenco. Trata-se do americano Evan Zabriski, de 24 anos. O ala, com 2,02m de altura, nasceu na Florida e estave, em 2018, na Liga Sorocabana, jogando o campeonato paulista.<\/p>\n\n\n\n<figure class=\"wp-block-image\"><img loading=\"lazy\" decoding=\"async\" width=\"980\" height=\"640\" src=\"https:\/\/www.esportesbrasilia.com.br\/noticias\/wp-content\/uploads\/evanzabriski_marinagouvea_lsb.jpg\" alt=\"\" class=\"wp-image-9471\" srcset=\"https:\/\/www.esportesbrasilia.com.br\/noticias\/wp-content\/uploads\/evanzabriski_marinagouvea_lsb.jpg 980w, https:\/\/www.esportesbrasilia.com.br\/noticias\/wp-content\/uploads\/evanzabriski_marinagouvea_lsb-300x196.jpg 300w, https:\/\/www.esportesbrasilia.com.br\/noticias\/wp-content\/uploads\/evanzabriski_marinagouvea_lsb-768x502.jpg 768w, https:\/\/www.esportesbrasilia.com.br\/noticias\/wp-content\/uploads\/evanzabriski_marinagouvea_lsb-696x455.jpg 696w, https:\/\/www.esportesbrasilia.com.br\/noticias\/wp-content\/uploads\/evanzabriski_marinagouvea_lsb-643x420.jpg 643w\" sizes=\"auto, (max-width: 980px) 100vw, 980px\" \/><figcaption>Evan Zabriski jogou a \u00faltima edi\u00e7\u00e3o do Campeonato Paulista pela Liga Sorocabana &#8211; Foto: Marina Gouvea\/LSB<\/figcaption><\/figure>\n\n\n\n<p>Quem tamb\u00e9m chegou e se integrou ao elenco foi o americano Christian Thompson, de 24 anos. O ala, com a mesma altura que Zabriski, obteve o visto de entrada no Brasil somente esta semana e j\u00e1 est\u00e1 treinando com o time.<\/p>\n\n\n\n<p>O uruguaio naturalizado brasileiro Fernando Ferreira ainda n\u00e3o estar\u00e1 com o Cerrado Basquete nas duas primeiras rodadas da Liga Ouro. O atleta est\u00e1 na reta final do Campeonato Uruguaio e chegar\u00e1 para os jogos da terceira rodada, fora de casa.<\/p>\n\n\n\n<figure class=\"wp-block-image\"><img loading=\"lazy\" decoding=\"async\" width=\"1024\" height=\"576\" src=\"https:\/\/www.esportesbrasilia.com.br\/noticias\/wp-content\/uploads\/christianThompson_SUU_Divulgacao-1024x576.jpg\" alt=\"\" class=\"wp-image-9470\" srcset=\"https:\/\/www.esportesbrasilia.com.br\/noticias\/wp-content\/uploads\/christianThompson_SUU_Divulgacao.jpg 1024w, https:\/\/www.esportesbrasilia.com.br\/noticias\/wp-content\/uploads\/christianThompson_SUU_Divulgacao-300x169.jpg 300w, https:\/\/www.esportesbrasilia.com.br\/noticias\/wp-content\/uploads\/christianThompson_SUU_Divulgacao-768x432.jpg 768w, https:\/\/www.esportesbrasilia.com.br\/noticias\/wp-content\/uploads\/christianThompson_SUU_Divulgacao-696x392.jpg 696w, https:\/\/www.esportesbrasilia.com.br\/noticias\/wp-content\/uploads\/christianThompson_SUU_Divulgacao-747x420.jpg 747w\" sizes=\"auto, (max-width: 1024px) 100vw, 1024px\" \/><figcaption>Christian Thompson foi o segundo americano contratado pelo Cerrado Basquete &#8211; Foto: Southern Utah\/Divulga\u00e7\u00e3o<\/figcaption><\/figure>\n\n\n\n<p><strong>Ingressos<\/strong><br>Os ingressos para os jogos do Cerrado Basquete contra Rio Claro\/Renata e S\u00e3o Paulo FC ser\u00e3o vendidos apenas no dia do jogo, no Gin\u00e1sio da Iesplan, uma hora antes dos confrontos. Os pre\u00e7os ser\u00e3o de R$ 20 (inteira) e R$ 10 (meia). Quem levar 1kg de alimento n\u00e3o perec\u00edvel pagar\u00e1 meia-entrada.<\/p>\n","protected":false},"excerpt":{"rendered":"<p>Depois de quase cem dias de prepara\u00e7\u00e3o, chegou a hora. O Cerrado Basquete, time que representar\u00e1 o Distrito Federal na Liga Ouro 2019, estrear\u00e1 na competi\u00e7\u00e3o neste s\u00e1bado (16.02). O advers\u00e1rio ser\u00e1 o Rio Claro\/Renata, de S\u00e3o Paulo e a partida est\u00e1 marcada para \u00e0s 18h. At\u00e9 o momento, para este campeonato, o Cerrado Basquete [&hellip;]<\/p>\n","protected":false},"author":1,"featured_media":7081,"comment_status":"open","ping_status":"closed","sticky":false,"template":"","format":"standard","meta":{"footnotes":""},"categories":[12],"tags":[],"class_list":["post-9469","post","type-post","status-publish","format-standard","has-post-thumbnail","hentry","category-basquete"],"_links":{"self":[{"href":"https:\/\/www.esportesbrasilia.com.br\/noticias\/wp-json\/wp\/v2\/posts\/9469","targetHints":{"allow":["GET"]}}],"collection":[{"href":"https:\/\/www.esportesbrasilia.com.br\/noticias\/wp-json\/wp\/v2\/posts"}],"about":[{"href":"https:\/\/www.esportesbrasilia.com.br\/noticias\/wp-json\/wp\/v2\/types\/post"}],"author":[{"embeddable":true,"href":"https:\/\/www.esportesbrasilia.com.br\/noticias\/wp-json\/wp\/v2\/users\/1"}],"replies":[{"embeddable":true,"href":"https:\/\/www.esportesbrasilia.com.br\/noticias\/wp-json\/wp\/v2\/comments?post=9469"}],"version-history":[{"count":1,"href":"https:\/\/www.esportesbrasilia.com.br\/noticias\/wp-json\/wp\/v2\/posts\/9469\/revisions"}],"predecessor-version":[{"id":9472,"href":"https:\/\/www.esportesbrasilia.com.br\/noticias\/wp-json\/wp\/v2\/posts\/9469\/revisions\/9472"}],"wp:featuredmedia":[{"embeddable":true,"href":"https:\/\/www.esportesbrasilia.com.br\/noticias\/wp-json\/wp\/v2\/media\/7081"}],"wp:attachment":[{"href":"https:\/\/www.esportesbrasilia.com.br\/noticias\/wp-json\/wp\/v2\/media?parent=9469"}],"wp:term":[{"taxonomy":"category","embeddable":true,"href":"https:\/\/www.esportesbrasilia.com.br\/noticias\/wp-json\/wp\/v2\/categories?post=9469"},{"taxonomy":"post_tag","embeddable":true,"href":"https:\/\/www.esportesbrasilia.com.br\/noticias\/wp-json\/wp\/v2\/tags?post=9469"}],"curies":[{"name":"wp","href":"https:\/\/api.w.org\/{rel}","templated":true}]}}