{"id":9291,"date":"2019-02-01T17:39:12","date_gmt":"2019-02-01T20:39:12","guid":{"rendered":"http:\/\/www.esportesbrasilia.com.br\/noticias\/?p=9291"},"modified":"2019-02-01T17:39:16","modified_gmt":"2019-02-01T20:39:16","slug":"brasilia-tera-representante-em-um-dos-maiores-campeonatos-de-kart-do-brasil","status":"publish","type":"post","link":"https:\/\/www.esportesbrasilia.com.br\/noticias\/outros\/brasilia-tera-representante-em-um-dos-maiores-campeonatos-de-kart-do-brasil.html","title":{"rendered":"Bras\u00edlia ter\u00e1 representante em um dos maiores campeonatos de kart do Brasil"},"content":{"rendered":"\n<p>Pedro Rodovalho Clerot, de apenas 12 anos, representar\u00e1 Bras\u00edlia numa das mais importantes competi\u00e7\u00f5es de kart do Brasil em 2019. O piloto candango, que venceu o Campeonato Brasiliense de Kart do ano passado, foi considerado um dos cinco melhores pilotos do pa\u00eds. Ele \u00e9 apontado como um dos favoritos para a XII Copa S\u00e3o Paulo Light de Kart, que come\u00e7a neste s\u00e1bado (2), em Interlagos-SP.<\/p>\n\n\n\n<p>O garoto, mesmo jovem, possui forte destaque no cen\u00e1rio automobil\u00edstico do Brasil. Ele vai carregar a responsabilidade de representar a Capital Federal, que j\u00e1 formou grandes \u00eddolos da F\u00f3rmula 1 nesta competi\u00e7\u00e3o.<\/p>\n\n\n\n<p>Pedro Clerot realizou, no dia 15 de dezembro, a \u00faltima corrida dele na temporada 2018, no Kart\u00f3dromo Ayrton Senna. Prova esta que deu o t\u00edtulo de campe\u00e3o do DF ao menino.<\/p>\n\n\n\n<p>Ap\u00f3s merecidas f\u00e9rias, ele retornar\u00e1 \u00e0s pistas j\u00e1 neste s\u00e1bado (2) para a primeira etapa da XII Copa S\u00e3o Paulo Light de Kart. O campeonato contar\u00e1 com 10 corridas, sendo uma por m\u00eas. A \u00faltima prova acontecer\u00e1, tamb\u00e9m no percurso mais conhecido da cidade paulista, no dia 14 de dezembro, quando ser\u00e1 entregue o trof\u00e9u para o vencedor do torneio.<\/p>\n","protected":false},"excerpt":{"rendered":"<p>Pedro Rodovalho Clerot, de apenas 12 anos, representar\u00e1 Bras\u00edlia numa das mais importantes competi\u00e7\u00f5es de kart do Brasil em 2019. O piloto candango, que venceu o Campeonato Brasiliense de Kart do ano passado, foi considerado um dos cinco melhores pilotos do pa\u00eds. Ele \u00e9 apontado como um dos favoritos para a XII Copa S\u00e3o Paulo [&hellip;]<\/p>\n","protected":false},"author":29,"featured_media":9292,"comment_status":"open","ping_status":"closed","sticky":false,"template":"","format":"standard","meta":{"footnotes":""},"categories":[2],"tags":[232,233,234],"class_list":["post-9291","post","type-post","status-publish","format-standard","has-post-thumbnail","hentry","category-outros","tag-kart","tag-pedro-clerot","tag-xii-copa-sao-paulo-light-de-kart"],"_links":{"self":[{"href":"https:\/\/www.esportesbrasilia.com.br\/noticias\/wp-json\/wp\/v2\/posts\/9291","targetHints":{"allow":["GET"]}}],"collection":[{"href":"https:\/\/www.esportesbrasilia.com.br\/noticias\/wp-json\/wp\/v2\/posts"}],"about":[{"href":"https:\/\/www.esportesbrasilia.com.br\/noticias\/wp-json\/wp\/v2\/types\/post"}],"author":[{"embeddable":true,"href":"https:\/\/www.esportesbrasilia.com.br\/noticias\/wp-json\/wp\/v2\/users\/29"}],"replies":[{"embeddable":true,"href":"https:\/\/www.esportesbrasilia.com.br\/noticias\/wp-json\/wp\/v2\/comments?post=9291"}],"version-history":[{"count":1,"href":"https:\/\/www.esportesbrasilia.com.br\/noticias\/wp-json\/wp\/v2\/posts\/9291\/revisions"}],"predecessor-version":[{"id":9293,"href":"https:\/\/www.esportesbrasilia.com.br\/noticias\/wp-json\/wp\/v2\/posts\/9291\/revisions\/9293"}],"wp:featuredmedia":[{"embeddable":true,"href":"https:\/\/www.esportesbrasilia.com.br\/noticias\/wp-json\/wp\/v2\/media\/9292"}],"wp:attachment":[{"href":"https:\/\/www.esportesbrasilia.com.br\/noticias\/wp-json\/wp\/v2\/media?parent=9291"}],"wp:term":[{"taxonomy":"category","embeddable":true,"href":"https:\/\/www.esportesbrasilia.com.br\/noticias\/wp-json\/wp\/v2\/categories?post=9291"},{"taxonomy":"post_tag","embeddable":true,"href":"https:\/\/www.esportesbrasilia.com.br\/noticias\/wp-json\/wp\/v2\/tags?post=9291"}],"curies":[{"name":"wp","href":"https:\/\/api.w.org\/{rel}","templated":true}]}}