{"id":8980,"date":"2019-01-12T12:37:20","date_gmt":"2019-01-12T15:37:20","guid":{"rendered":"http:\/\/www.esportesbrasilia.com.br\/noticias\/?p=8980"},"modified":"2019-01-12T12:37:24","modified_gmt":"2019-01-12T15:37:24","slug":"copa-sp-legiao-cai-diante-do-athletico-paranaense-e-e-eliminado","status":"publish","type":"post","link":"https:\/\/www.esportesbrasilia.com.br\/noticias\/futebol\/copa-sp-legiao-cai-diante-do-athletico-paranaense-e-e-eliminado.html","title":{"rendered":"Copa SP: Legi\u00e3o cai diante do Athletico Paranaense e \u00e9 eliminado"},"content":{"rendered":"\n<p>Fim da linha para o Legi\u00e3o na Copa SP de Futebol J\u00fanior. Na \u00faltima sexta-feira (11), o time da capital federal foi derrotado por 2&#215;1 pelo Athletico Paranaense e est\u00e1 fora da Copinha.<br><\/p>\n\n\n\n<p>Os gols da partida s\u00f3 sa\u00edram no segundo tempo. Aos 19\u2019, Vitinho aproveitou cruzamento de Khellven e cabeceou para o fundo das redes: Athletico 1&#215;0. Tr\u00eas minutos depois, o Legi\u00e3o, que jogava no contra-ataque, viu Baiano ser expulso e ficou com um jogador a menos. A partir da\u00ed, foi dif\u00edcil segurar. Aos 24\u2019, o Furac\u00e3o ampliou com J\u00e1derson ap\u00f3s boa troca de passes.<br><\/p>\n\n\n\n<p>O Legi\u00e3o diminuiu aos 46\u2019 com Juninho aproveitando rebote da zaga athleticana, mas j\u00e1 era tarde demais. Fim de papo: Athletico Paranaense 2&#215;1 Legi\u00e3o.<\/p>\n\n\n\n<p style=\"text-align:center\"><strong>COPA SP DE FUTEBOL JUNIOR<\/strong><strong><br><\/strong><strong>BRASILIENSE 1\u00d70 GR\u00caMIO AN\u00c1POLIS<\/strong><strong><br><\/strong><strong>11\/01\/2019 \u2013 EST\u00c1DIO MUNICIPAL ALONSO CARVALHO BRAGA \u2013 TUP\u00c3-SP<\/strong><\/p>\n\n\n\n<p><strong>Arbitragem:<\/strong> Luciano Silva<br><strong>Assistente 1: <\/strong>Marlon Spinola<br><strong>Assistente 2:<\/strong> M\u00e1rcio Dias dos Santos<\/p>\n\n\n\n<p><strong>Gols: <\/strong>Vitinho, aos 19\u2019, J\u00e1derson, aos 24\u2019; Juninho, aos 46\u2019 do segundo tempo.<br><strong>Cart\u00f5es amarelos: <\/strong>Lucas Halter, (Athletico); Baiano (Legi\u00e3o)<br><strong>Cart\u00f5es vermelhos: <\/strong>Bento (Athletico); Baiano (Legi\u00e3o)<\/p>\n\n\n\n<h5 class=\"wp-block-heading\"><strong>ATHLETICO PARANAENSE<\/strong><\/h5>\n\n\n\n<p>Bento; Khellven (Victor Cruz), Lucas Halter, Gabriel Fornari, J\u00e1derson; Christian, Brener (Matheus Rampon), Welinton (Welligton Rocha), Demethryus (Allan); Vinicius Mingotti (Vitinho) e Bruno Leite (Paulo Bessa).<br>T\u00e9cnico: Marc\u00e3o<\/p>\n\n\n\n<h5 class=\"wp-block-heading\"><strong>LEGI\u00c3O<\/strong><\/h5>\n\n\n\n<p>Willian; Estev\u00e3o, Sousa, Matheus, Lucas; Baiano, Thalisson (Netinho), Luigi, Peppe (Mario); Felipe (Luander) e Kak\u00e1 (Juninho).<br>T\u00e9cnico: Marco Aur\u00e9lio<br><\/p>\n\n\n\n<p><br><\/p>\n","protected":false},"excerpt":{"rendered":"<p>Fim da linha para o Legi\u00e3o na Copa SP de Futebol J\u00fanior. Na \u00faltima sexta-feira (11), o time da capital federal foi derrotado por 2&#215;1 pelo Athletico Paranaense e est\u00e1 fora da Copinha. Os gols da partida s\u00f3 sa\u00edram no segundo tempo. Aos 19\u2019, Vitinho aproveitou cruzamento de Khellven e cabeceou para o fundo das [&hellip;]<\/p>\n","protected":false},"author":23,"featured_media":8981,"comment_status":"open","ping_status":"closed","sticky":false,"template":"","format":"standard","meta":{"footnotes":""},"categories":[8],"tags":[161,162,110,132,107],"class_list":["post-8980","post","type-post","status-publish","format-standard","has-post-thumbnail","hentry","category-futebol","tag-athletico","tag-athletico-paranaense-x-legiao","tag-copa-sp-de-futebol-junior","tag-copinha","tag-legiao"],"_links":{"self":[{"href":"https:\/\/www.esportesbrasilia.com.br\/noticias\/wp-json\/wp\/v2\/posts\/8980","targetHints":{"allow":["GET"]}}],"collection":[{"href":"https:\/\/www.esportesbrasilia.com.br\/noticias\/wp-json\/wp\/v2\/posts"}],"about":[{"href":"https:\/\/www.esportesbrasilia.com.br\/noticias\/wp-json\/wp\/v2\/types\/post"}],"author":[{"embeddable":true,"href":"https:\/\/www.esportesbrasilia.com.br\/noticias\/wp-json\/wp\/v2\/users\/23"}],"replies":[{"embeddable":true,"href":"https:\/\/www.esportesbrasilia.com.br\/noticias\/wp-json\/wp\/v2\/comments?post=8980"}],"version-history":[{"count":1,"href":"https:\/\/www.esportesbrasilia.com.br\/noticias\/wp-json\/wp\/v2\/posts\/8980\/revisions"}],"predecessor-version":[{"id":8982,"href":"https:\/\/www.esportesbrasilia.com.br\/noticias\/wp-json\/wp\/v2\/posts\/8980\/revisions\/8982"}],"wp:featuredmedia":[{"embeddable":true,"href":"https:\/\/www.esportesbrasilia.com.br\/noticias\/wp-json\/wp\/v2\/media\/8981"}],"wp:attachment":[{"href":"https:\/\/www.esportesbrasilia.com.br\/noticias\/wp-json\/wp\/v2\/media?parent=8980"}],"wp:term":[{"taxonomy":"category","embeddable":true,"href":"https:\/\/www.esportesbrasilia.com.br\/noticias\/wp-json\/wp\/v2\/categories?post=8980"},{"taxonomy":"post_tag","embeddable":true,"href":"https:\/\/www.esportesbrasilia.com.br\/noticias\/wp-json\/wp\/v2\/tags?post=8980"}],"curies":[{"name":"wp","href":"https:\/\/api.w.org\/{rel}","templated":true}]}}