{"id":8843,"date":"2019-01-03T22:26:07","date_gmt":"2019-01-04T01:26:07","guid":{"rendered":"http:\/\/www.esportesbrasilia.com.br\/noticias\/?p=8843"},"modified":"2019-01-04T00:16:22","modified_gmt":"2019-01-04T03:16:22","slug":"brasiliense-anuncia-lateral-bicampeao-da-serie-c","status":"publish","type":"post","link":"https:\/\/www.esportesbrasilia.com.br\/noticias\/futebol\/brasiliense-anuncia-lateral-bicampeao-da-serie-c.html","title":{"rendered":"Brasiliense anuncia lateral bicampe\u00e3o da S\u00e9rie C"},"content":{"rendered":"\n<p><em>Estagi\u00e1rio&nbsp;sob&nbsp;a&nbsp;supervis\u00e3o&nbsp;de&nbsp;Rener Lopes<\/em><\/p>\n\n\n\n<p>Tem cara nova no Brasiliense, e com bagagem. O lateral-esquerdo Romano \u00e9 o 33\u00ba atleta a se juntar ao Jacar\u00e9 para o Candang\u00e3o 2019. Bi e atual campe\u00e3o da S\u00e9rie C, o defensor chega ao 17\u00ba clube na carreira &#8211; o primeiro no Centro-Oeste. Aos 31 anos, estava no planejamento do clube candango desde 2017, e vem para a pr\u00f3xima temporada com status de l\u00edder.<br><\/p>\n\n\n\n<p>Romano aprovou o elenco do Jacar\u00e9 e declarou-se entusiasmado para a nova temporada. \u201cTemos um elenco experiente e vitorioso e espero que possamos, coletivamente, sermos mais vitoriosos esse ano\u201d, disse o lateral por meio da assessoria de imprensa do time.<br><\/p>\n\n\n\n<figure class=\"wp-block-image\"><img loading=\"lazy\" decoding=\"async\" width=\"800\" height=\"428\" src=\"https:\/\/www.esportesbrasilia.com.br\/noticias\/wp-content\/uploads\/ROMANO.jpg\" alt=\"romano-brasiliense\" class=\"wp-image-8844\" srcset=\"https:\/\/www.esportesbrasilia.com.br\/noticias\/wp-content\/uploads\/ROMANO.jpg 800w, https:\/\/www.esportesbrasilia.com.br\/noticias\/wp-content\/uploads\/ROMANO-300x161.jpg 300w, https:\/\/www.esportesbrasilia.com.br\/noticias\/wp-content\/uploads\/ROMANO-768x411.jpg 768w, https:\/\/www.esportesbrasilia.com.br\/noticias\/wp-content\/uploads\/ROMANO-696x372.jpg 696w, https:\/\/www.esportesbrasilia.com.br\/noticias\/wp-content\/uploads\/ROMANO-785x420.jpg 785w\" sizes=\"auto, (max-width: 800px) 100vw, 800px\" \/><figcaption>Romano \u00e9 o 33\u00ba jogador que chega ao elenco do Brasiliense &#8211; Foto: Lucas Bolzan\/Brasiliense FC<\/figcaption><\/figure>\n\n\n\n<p>Ga\u00facho de Taquara-RS, Romano Rodrigues surgiu para o futebol no Juventude em 2007. Depois de muito rodar no interior ga\u00facho, chegou \u00e0 Portuguesa-SP, de onde partiu para o Ava\u00ed, em 2011. Jogou tamb\u00e9m por Cear\u00e1, Joinville, ASA-AL, San Marcos-CHI e S\u00e3o Paulo-RS).<br><\/p>\n\n\n\n<p>Mas o \u00e1pice veio no tri\u00eanio 2016\/17\/18. No primeiro ano,  foi titular absoluto do Boa Esporte no t\u00edtulo mineiro da S\u00e9rie C. Ficou de fora em apenas quatro dos 18 jogos do time na fase de grupos, al\u00e9m do segundo jogo da semifinal, frente ao Juventude. Na ida, em Caxias do Sul, deu assist\u00eancia para o segundo gol da vit\u00f3ria por 2&#215;1 sobre o clube que o revelou. Coisas do futebol.<\/p>\n\n\n\n<p>Em 2017 transferiu-se para o ABC-RN com a banca de melhor lateral-esquerdo da S\u00e9rie C anterior. Com o Elefante, disputou e venceu o Campeonato Potiguar, al\u00e9m de jogar a Copa do Nordeste. Eliminado com o alvinegro, voltou ao Veran\u00f3polis, e depois juntou-se ao S\u00e3o Jos\u00e9-RS. De l\u00e1, partiu para o Oper\u00e1rio Ferrovi\u00e1rio-PR, clube com o qual seria novamente campe\u00e3o da terceira divis\u00e3o nacional em 2018. <br><\/p>\n\n\n\n<p><strong>N\u00fameros<\/strong><br><\/p>\n\n\n\n<p>Romano disputou 155 jogos oficiais, nos quais marcou oito gols. Em 2019, 13\u00ba ano de carreira, assina com o 17\u00ba clube diferente ao longo da vida profissional &#8211; ou um a cada 9,2 meses.<\/p>\n","protected":false},"excerpt":{"rendered":"<p>Estagi\u00e1rio&nbsp;sob&nbsp;a&nbsp;supervis\u00e3o&nbsp;de&nbsp;Rener Lopes Tem cara nova no Brasiliense, e com bagagem. O lateral-esquerdo Romano \u00e9 o 33\u00ba atleta a se juntar ao Jacar\u00e9 para o Candang\u00e3o 2019. Bi e atual campe\u00e3o da S\u00e9rie C, o defensor chega ao 17\u00ba clube na carreira &#8211; o primeiro no Centro-Oeste. Aos 31 anos, estava no planejamento do clube candango [&hellip;]<\/p>\n","protected":false},"author":31,"featured_media":8844,"comment_status":"open","ping_status":"closed","sticky":false,"template":"","format":"standard","meta":{"footnotes":""},"categories":[8],"tags":[34,86,112,113,111],"class_list":["post-8843","post","type-post","status-publish","format-standard","has-post-thumbnail","hentry","category-futebol","tag-brasiliense","tag-candangao-2019","tag-lateral-romano","tag-romano-brasiliense","tag-romano-rodrigues"],"_links":{"self":[{"href":"https:\/\/www.esportesbrasilia.com.br\/noticias\/wp-json\/wp\/v2\/posts\/8843","targetHints":{"allow":["GET"]}}],"collection":[{"href":"https:\/\/www.esportesbrasilia.com.br\/noticias\/wp-json\/wp\/v2\/posts"}],"about":[{"href":"https:\/\/www.esportesbrasilia.com.br\/noticias\/wp-json\/wp\/v2\/types\/post"}],"author":[{"embeddable":true,"href":"https:\/\/www.esportesbrasilia.com.br\/noticias\/wp-json\/wp\/v2\/users\/31"}],"replies":[{"embeddable":true,"href":"https:\/\/www.esportesbrasilia.com.br\/noticias\/wp-json\/wp\/v2\/comments?post=8843"}],"version-history":[{"count":3,"href":"https:\/\/www.esportesbrasilia.com.br\/noticias\/wp-json\/wp\/v2\/posts\/8843\/revisions"}],"predecessor-version":[{"id":8854,"href":"https:\/\/www.esportesbrasilia.com.br\/noticias\/wp-json\/wp\/v2\/posts\/8843\/revisions\/8854"}],"wp:featuredmedia":[{"embeddable":true,"href":"https:\/\/www.esportesbrasilia.com.br\/noticias\/wp-json\/wp\/v2\/media\/8844"}],"wp:attachment":[{"href":"https:\/\/www.esportesbrasilia.com.br\/noticias\/wp-json\/wp\/v2\/media?parent=8843"}],"wp:term":[{"taxonomy":"category","embeddable":true,"href":"https:\/\/www.esportesbrasilia.com.br\/noticias\/wp-json\/wp\/v2\/categories?post=8843"},{"taxonomy":"post_tag","embeddable":true,"href":"https:\/\/www.esportesbrasilia.com.br\/noticias\/wp-json\/wp\/v2\/tags?post=8843"}],"curies":[{"name":"wp","href":"https:\/\/api.w.org\/{rel}","templated":true}]}}