{"id":8835,"date":"2019-01-03T17:49:56","date_gmt":"2019-01-03T20:49:56","guid":{"rendered":"http:\/\/www.esportesbrasilia.com.br\/noticias\/?p=8835"},"modified":"2019-01-03T18:59:31","modified_gmt":"2019-01-03T21:59:31","slug":"copa-sp-ceilandia-e-derrotado-e-legiao-empata-na-estreia","status":"publish","type":"post","link":"https:\/\/www.esportesbrasilia.com.br\/noticias\/futebol\/copa-sp-ceilandia-e-derrotado-e-legiao-empata-na-estreia.html","title":{"rendered":"Copa SP: Ceil\u00e2ndia \u00e9 derrotado e Legi\u00e3o empata na estreia"},"content":{"rendered":"\n<p>Os dois representantes do DF na Copa SP de Futebol Junior estrearam nesta quinta-feira (3). O Ceil\u00e2ndia come\u00e7ou mal, perdendo para o Cear\u00e1 por 2&#215;1. J\u00e1 o Legi\u00e3o fez jogo sem apuros e ficou no 0x0 com o Atl\u00e9tico-GO.<br><\/p>\n\n\n\n<p>No confronto Cear\u00e1 x Ceil\u00e2ndia, Rick marcou os dois gols do Voz\u00e3o: um aos 30 segundos, e outro aos 25 minutos, ambos no segundo tempo. O Gato Preto diminuiu com Vitor Sales aos 42 minutos, mas n\u00e3o conseguiu chegar ao empate.<\/p>\n\n\n\n<figure class=\"wp-block-image\"><img loading=\"lazy\" decoding=\"async\" width=\"600\" height=\"400\" src=\"https:\/\/www.esportesbrasilia.com.br\/noticias\/wp-content\/uploads\/cearaxceilandia_ceilandiaec.jpg\" alt=\"\" class=\"wp-image-8838\" srcset=\"https:\/\/www.esportesbrasilia.com.br\/noticias\/wp-content\/uploads\/cearaxceilandia_ceilandiaec.jpg 600w, https:\/\/www.esportesbrasilia.com.br\/noticias\/wp-content\/uploads\/cearaxceilandia_ceilandiaec-300x200.jpg 300w\" sizes=\"auto, (max-width: 600px) 100vw, 600px\" \/><figcaption>Ceil\u00e2ndia acaba derrotado na estreia da Copinha &#8211; Foto: ceilandiaec.com.br<\/figcaption><\/figure>\n\n\n\n<p>Com a derrota, o Ceil\u00e2ndia fica com a lanterna no Grupo 1 da Copinha. J\u00e1 o Legi\u00e3o ocupa a terceira posi\u00e7\u00e3o, empatado em n\u00famero de pontos com os outros tr\u00eas times (que tamb\u00e9m empataram na estreia).<\/p>\n\n\n\n<p>Na pr\u00f3xima rodada, o Gato vai tentar pontuar diante do Andradina-SP, no pr\u00f3ximo domingo (06), sob forte temperatura t\u00edpica das 13h45. Tamb\u00e9m no domingo (06), mas \u00e0s 16h, o Legi\u00e3o enfrenta o Mirassol.<br><\/p>\n","protected":false},"excerpt":{"rendered":"<p>Os dois representantes do DF na Copa SP de Futebol Junior estrearam nesta quinta-feira (3). O Ceil\u00e2ndia come\u00e7ou mal, perdendo para o Cear\u00e1 por 2&#215;1. J\u00e1 o Legi\u00e3o fez jogo sem apuros e ficou no 0x0 com o Atl\u00e9tico-GO. No confronto Cear\u00e1 x Ceil\u00e2ndia, Rick marcou os dois gols do Voz\u00e3o: um aos 30 segundos, [&hellip;]<\/p>\n","protected":false},"author":23,"featured_media":8838,"comment_status":"open","ping_status":"closed","sticky":false,"template":"","format":"standard","meta":{"footnotes":""},"categories":[8],"tags":[109,108,40,110,107],"class_list":["post-8835","post","type-post","status-publish","format-standard","has-post-thumbnail","hentry","category-futebol","tag-atletico-go-x-legiao","tag-ceara-x-ceilandia","tag-ceilandia","tag-copa-sp-de-futebol-junior","tag-legiao"],"_links":{"self":[{"href":"https:\/\/www.esportesbrasilia.com.br\/noticias\/wp-json\/wp\/v2\/posts\/8835","targetHints":{"allow":["GET"]}}],"collection":[{"href":"https:\/\/www.esportesbrasilia.com.br\/noticias\/wp-json\/wp\/v2\/posts"}],"about":[{"href":"https:\/\/www.esportesbrasilia.com.br\/noticias\/wp-json\/wp\/v2\/types\/post"}],"author":[{"embeddable":true,"href":"https:\/\/www.esportesbrasilia.com.br\/noticias\/wp-json\/wp\/v2\/users\/23"}],"replies":[{"embeddable":true,"href":"https:\/\/www.esportesbrasilia.com.br\/noticias\/wp-json\/wp\/v2\/comments?post=8835"}],"version-history":[{"count":2,"href":"https:\/\/www.esportesbrasilia.com.br\/noticias\/wp-json\/wp\/v2\/posts\/8835\/revisions"}],"predecessor-version":[{"id":8839,"href":"https:\/\/www.esportesbrasilia.com.br\/noticias\/wp-json\/wp\/v2\/posts\/8835\/revisions\/8839"}],"wp:featuredmedia":[{"embeddable":true,"href":"https:\/\/www.esportesbrasilia.com.br\/noticias\/wp-json\/wp\/v2\/media\/8838"}],"wp:attachment":[{"href":"https:\/\/www.esportesbrasilia.com.br\/noticias\/wp-json\/wp\/v2\/media?parent=8835"}],"wp:term":[{"taxonomy":"category","embeddable":true,"href":"https:\/\/www.esportesbrasilia.com.br\/noticias\/wp-json\/wp\/v2\/categories?post=8835"},{"taxonomy":"post_tag","embeddable":true,"href":"https:\/\/www.esportesbrasilia.com.br\/noticias\/wp-json\/wp\/v2\/tags?post=8835"}],"curies":[{"name":"wp","href":"https:\/\/api.w.org\/{rel}","templated":true}]}}