{"id":8758,"date":"2018-12-14T10:53:44","date_gmt":"2018-12-14T13:53:44","guid":{"rendered":"http:\/\/www.esportesbrasilia.com.br\/noticias\/?p=8758"},"modified":"2018-12-14T00:02:10","modified_gmt":"2018-12-14T03:02:10","slug":"brasilia-futsal-pode-representar-o-df-na-liga-futsal-2019","status":"publish","type":"post","link":"https:\/\/www.esportesbrasilia.com.br\/noticias\/outros\/brasilia-futsal-pode-representar-o-df-na-liga-futsal-2019.html","title":{"rendered":"Bras\u00edlia Futsal pode representar o DF na Liga Futsal 2019"},"content":{"rendered":"<p>O Bras\u00edlia Futsal poder\u00e1 representar a capital federal na Liga Futsal 2019. Isso porqu\u00ea os demais times, conforme regulamento da competi\u00e7\u00e3o, aceitaram a entrada da equipe candanga no torneio durante a Assembleia T\u00e9cnica da Liga Nacional de Futsal.<\/p>\n<p>A participa\u00e7\u00e3o do time brasiliense ser\u00e1 confirmada apenas em janeiro de 2019. O martelo ser\u00e1 batido somente se o Bras\u00edlia Futsal cumprir os requisitos t\u00e9cnicos e administrativos necess\u00e1rios e solicitados pela LNF.<\/p>\n<div id=\"attachment_8759\" style=\"width: 650px\" class=\"wp-caption aligncenter\"><img loading=\"lazy\" decoding=\"async\" aria-describedby=\"caption-attachment-8759\" class=\"size-large wp-image-8759\" src=\"https:\/\/www.esportesbrasilia.com.br\/noticias\/wp-content\/uploads\/brasiliafutsal_div-1024x683.jpg\" alt=\"Bras\u00edlia Futsal \u00e9 o atual campe\u00e3o candango de futsal e poder\u00e1 representar o DF na Liga Futsal 2019 - Foto: Divulga\u00e7\u00e3o\/Bras\u00edlia Futsal\" width=\"640\" height=\"427\" srcset=\"https:\/\/www.esportesbrasilia.com.br\/noticias\/wp-content\/uploads\/brasiliafutsal_div-1024x683.jpg 1024w, https:\/\/www.esportesbrasilia.com.br\/noticias\/wp-content\/uploads\/brasiliafutsal_div-300x200.jpg 300w, https:\/\/www.esportesbrasilia.com.br\/noticias\/wp-content\/uploads\/brasiliafutsal_div-768x512.jpg 768w, https:\/\/www.esportesbrasilia.com.br\/noticias\/wp-content\/uploads\/brasiliafutsal_div-696x464.jpg 696w, https:\/\/www.esportesbrasilia.com.br\/noticias\/wp-content\/uploads\/brasiliafutsal_div-1068x712.jpg 1068w, https:\/\/www.esportesbrasilia.com.br\/noticias\/wp-content\/uploads\/brasiliafutsal_div-630x420.jpg 630w, https:\/\/www.esportesbrasilia.com.br\/noticias\/wp-content\/uploads\/brasiliafutsal_div.jpg 1728w\" sizes=\"auto, (max-width: 640px) 100vw, 640px\" \/><p id=\"caption-attachment-8759\" class=\"wp-caption-text\">Bras\u00edlia Futsal \u00e9 o atual campe\u00e3o candango de futsal e poder\u00e1 representar o DF na Liga Futsal 2019 &#8211; Foto: Divulga\u00e7\u00e3o\/Bras\u00edlia Futsal<\/p><\/div>\n<p>O time \u00e9 o atual campe\u00e3o brasiliense. O Bras\u00edlia Futsal venceu o Cresspom na final disputada no \u00faltimo s\u00e1bado (08), por 5&#215;2.<\/p>\n","protected":false},"excerpt":{"rendered":"<p>O Bras\u00edlia Futsal poder\u00e1 representar a capital federal na Liga Futsal 2019. Isso porqu\u00ea os demais times, conforme regulamento da competi\u00e7\u00e3o, aceitaram a entrada da equipe candanga no torneio durante a Assembleia T\u00e9cnica da Liga Nacional de Futsal. A participa\u00e7\u00e3o do time brasiliense ser\u00e1 confirmada apenas em janeiro de 2019. O martelo ser\u00e1 batido somente [&hellip;]<\/p>\n","protected":false},"author":2,"featured_media":8759,"comment_status":"open","ping_status":"closed","sticky":false,"template":"","format":"standard","meta":{"footnotes":""},"categories":[2],"tags":[],"class_list":["post-8758","post","type-post","status-publish","format-standard","has-post-thumbnail","hentry","category-outros"],"_links":{"self":[{"href":"https:\/\/www.esportesbrasilia.com.br\/noticias\/wp-json\/wp\/v2\/posts\/8758","targetHints":{"allow":["GET"]}}],"collection":[{"href":"https:\/\/www.esportesbrasilia.com.br\/noticias\/wp-json\/wp\/v2\/posts"}],"about":[{"href":"https:\/\/www.esportesbrasilia.com.br\/noticias\/wp-json\/wp\/v2\/types\/post"}],"author":[{"embeddable":true,"href":"https:\/\/www.esportesbrasilia.com.br\/noticias\/wp-json\/wp\/v2\/users\/2"}],"replies":[{"embeddable":true,"href":"https:\/\/www.esportesbrasilia.com.br\/noticias\/wp-json\/wp\/v2\/comments?post=8758"}],"version-history":[{"count":1,"href":"https:\/\/www.esportesbrasilia.com.br\/noticias\/wp-json\/wp\/v2\/posts\/8758\/revisions"}],"predecessor-version":[{"id":8760,"href":"https:\/\/www.esportesbrasilia.com.br\/noticias\/wp-json\/wp\/v2\/posts\/8758\/revisions\/8760"}],"wp:featuredmedia":[{"embeddable":true,"href":"https:\/\/www.esportesbrasilia.com.br\/noticias\/wp-json\/wp\/v2\/media\/8759"}],"wp:attachment":[{"href":"https:\/\/www.esportesbrasilia.com.br\/noticias\/wp-json\/wp\/v2\/media?parent=8758"}],"wp:term":[{"taxonomy":"category","embeddable":true,"href":"https:\/\/www.esportesbrasilia.com.br\/noticias\/wp-json\/wp\/v2\/categories?post=8758"},{"taxonomy":"post_tag","embeddable":true,"href":"https:\/\/www.esportesbrasilia.com.br\/noticias\/wp-json\/wp\/v2\/tags?post=8758"}],"curies":[{"name":"wp","href":"https:\/\/api.w.org\/{rel}","templated":true}]}}