{"id":8480,"date":"2018-10-30T23:44:42","date_gmt":"2018-10-31T02:44:42","guid":{"rendered":"http:\/\/www.esportesbrasilia.com.br\/noticias\/?p=8480"},"modified":"2018-10-31T00:34:56","modified_gmt":"2018-10-31T03:34:56","slug":"jogador-do-tubaroes-do-cerrado-se-defende-esse-e-apenas-meu-posicionamento","status":"publish","type":"post","link":"https:\/\/www.esportesbrasilia.com.br\/noticias\/outros\/jogador-do-tubaroes-do-cerrado-se-defende-esse-e-apenas-meu-posicionamento.html","title":{"rendered":"Jogador do Tubar\u00f5es do Cerrado se defende: &#8220;Esse \u00e9 apenas meu posicionamento&#8221;"},"content":{"rendered":"<p><em>Atualizada em 31\/10\/2018 \u00e0s 00:25<\/em><\/p>\n<p><em>Estagi\u00e1rio sob a supervis\u00e3o de Rener Lopes<\/em><br \/>\n<em> Colaborou Rener Lopes<\/em><\/p>\n<p>O <em>Running back<\/em> do Tubar\u00f5es do Cerrado, Fellipe Flor\u00eancio, se envolveu em uma forte pol\u00eamica ap\u00f3s postar um v\u00eddeo de apoio ao novo Presidente do Brasil, Jair Bolsonaro, em uma rede social. Com uma arma na m\u00e3o e um discurso de \u00f3dio, o atleta mandou uma mensagem para todos aqueles que s\u00e3o contra o pol\u00edtico do PSL.<\/p>\n<p>Pouco tempo depois do primeiro boletim presidencial, exatamente \u00e0s 19:38, o jogador publicou um v\u00eddeo em sua conta pessoal do Facebook, em que aparece trajado com uma camisa do Brasil, aparentemente em casa.<\/p>\n<p>Sozinho, ele mostra uma pistola que\u00a0teria sido acabado\u00a0de ser descarregada e diz: \u201cS\u00f3 um aviso aos desavisados, \u00e9 Jair Bolsonaro o Presidente. J\u00e1 descarregamos o pente aqui, porque agora est\u00e1 tudo certo. N\u00e3o tem mais volta. Feminazi, pessoal que falou que ia sair do Brasil se o Jair Bolsonaro ganhasse, j\u00e1 pode sair, tchau, vai embora, n\u00e3o vai fazer falta. Agora, vagabundo, prepara que a gente vai atr\u00e1s de voc\u00eas, n\u00e3o vai dar n\u00e3o, se manda\u201d.<\/p>\n<div id=\"attachment_8481\" style=\"width: 1376px\" class=\"wp-caption aligncenter\"><img loading=\"lazy\" decoding=\"async\" aria-describedby=\"caption-attachment-8481\" class=\"size-full wp-image-8481\" src=\"https:\/\/www.esportesbrasilia.com.br\/noticias\/wp-content\/uploads\/fellipeflorencio.png\" alt=\"Fellipe aparece em v\u00eddeo falando sobre a elei\u00e7\u00e3o de Jair Bolsonaro para a presid\u00eancia da Rep\u00fablica. Atleta afirmou que j\u00e1 tirou v\u00eddeo do ar - Foto: reprodu\u00e7\u00e3o\" width=\"1366\" height=\"768\" srcset=\"https:\/\/www.esportesbrasilia.com.br\/noticias\/wp-content\/uploads\/fellipeflorencio.png 1366w, https:\/\/www.esportesbrasilia.com.br\/noticias\/wp-content\/uploads\/fellipeflorencio-300x169.png 300w, https:\/\/www.esportesbrasilia.com.br\/noticias\/wp-content\/uploads\/fellipeflorencio-768x432.png 768w, https:\/\/www.esportesbrasilia.com.br\/noticias\/wp-content\/uploads\/fellipeflorencio-1024x576.png 1024w, https:\/\/www.esportesbrasilia.com.br\/noticias\/wp-content\/uploads\/fellipeflorencio-696x391.png 696w, https:\/\/www.esportesbrasilia.com.br\/noticias\/wp-content\/uploads\/fellipeflorencio-1068x600.png 1068w, https:\/\/www.esportesbrasilia.com.br\/noticias\/wp-content\/uploads\/fellipeflorencio-747x420.png 747w\" sizes=\"auto, (max-width: 1366px) 100vw, 1366px\" \/><p id=\"caption-attachment-8481\" class=\"wp-caption-text\">Fellipe aparece em v\u00eddeo falando sobre a elei\u00e7\u00e3o de Jair Bolsonaro para a presid\u00eancia da Rep\u00fablica. Atleta afirmou que j\u00e1 tirou v\u00eddeo do ar &#8211; Foto: reprodu\u00e7\u00e3o<\/p><\/div>\n<p><strong>&#8220;Estou \u00e0 disposi\u00e7\u00e3o&#8221;, diz Fellipe<br \/>\n<\/strong>Em entrevista exclusiva \u00e0\u00a0<strong>Esportes Bras\u00edlia<\/strong>, Fellipe tentou se justificar.\u00a0&#8220;N\u00e3o tinha nada demais. Eu apenas protestei contra as pessoas que fazem desordem no Brasil. Eu n\u00e3o entendi o tamanho da repercuss\u00e3o&#8221;, afirmou Fellipe, por telefone.\u00a0Fellipe ainda informou \u00e0 reportagem da\u00a0<strong>Esportes Bras\u00edlia<\/strong> que j\u00e1 retirou o v\u00eddeo do ar.<\/p>\n<p>O <em>Running back<\/em> do principal time da capital federal tem a m\u00e9dia de um touchdown por partida e j\u00e1 participou, inclusive, da final do Campeonato Brasileiro, o\u00a0<em>Brasil Bowl<\/em>, representando a equipe do Flamengo Imperadores \u00e0 \u00e9poca.<\/p>\n<p>Questionado se pode sofrer alguma san\u00e7\u00e3o por parte do Tubar\u00f5es do Cerrado, Fellipe garante que est\u00e1 tranquilo e \u00e0 disposi\u00e7\u00e3o do time. &#8220;N\u00e3o tenho motivos para que o time possa me prejudicar. Dentro de campo meu desempenho \u00e9 exemplar. Meu posicionamento \u00e9 apenas pol\u00edtico. Eu estou pronto para poder ajudar quando for necess\u00e1rio&#8221;, ressalta.<\/p>\n<p><strong><a href=\"https:\/\/www.esportesbrasilia.com.br\/noticias\/outros\/jogador-do-tubaroes-do-cerrado-e-suspenso-por-atitude-em-redes-sociais.html\">No entanto, a diretoria do Tubar\u00f5es do Cerrado informou que suspendeu o atleta at\u00e9 o fim da temporada 2018. &#8220;<em>O Tubar\u00f5es do Cerrado n\u00e3o condiz com as declara\u00e7\u00f5es dadas por ele<\/em>&#8220;, afirmou o presidente Lucas Muniz, em entrevista \u00e0 reportagem da\u00a0Esportes Bras\u00edlia.<\/a><\/strong><\/p>\n","protected":false},"excerpt":{"rendered":"<p>Atualizada em 31\/10\/2018 \u00e0s 00:25 Estagi\u00e1rio sob a supervis\u00e3o de Rener Lopes Colaborou Rener Lopes O Running back do Tubar\u00f5es do Cerrado, Fellipe Flor\u00eancio, se envolveu em uma forte pol\u00eamica ap\u00f3s postar um v\u00eddeo de apoio ao novo Presidente do Brasil, Jair Bolsonaro, em uma rede social. Com uma arma na m\u00e3o e um discurso [&hellip;]<\/p>\n","protected":false},"author":15,"featured_media":8481,"comment_status":"open","ping_status":"closed","sticky":false,"template":"","format":"standard","meta":{"footnotes":""},"categories":[2],"tags":[],"class_list":["post-8480","post","type-post","status-publish","format-standard","has-post-thumbnail","hentry","category-outros"],"_links":{"self":[{"href":"https:\/\/www.esportesbrasilia.com.br\/noticias\/wp-json\/wp\/v2\/posts\/8480","targetHints":{"allow":["GET"]}}],"collection":[{"href":"https:\/\/www.esportesbrasilia.com.br\/noticias\/wp-json\/wp\/v2\/posts"}],"about":[{"href":"https:\/\/www.esportesbrasilia.com.br\/noticias\/wp-json\/wp\/v2\/types\/post"}],"author":[{"embeddable":true,"href":"https:\/\/www.esportesbrasilia.com.br\/noticias\/wp-json\/wp\/v2\/users\/15"}],"replies":[{"embeddable":true,"href":"https:\/\/www.esportesbrasilia.com.br\/noticias\/wp-json\/wp\/v2\/comments?post=8480"}],"version-history":[{"count":4,"href":"https:\/\/www.esportesbrasilia.com.br\/noticias\/wp-json\/wp\/v2\/posts\/8480\/revisions"}],"predecessor-version":[{"id":8488,"href":"https:\/\/www.esportesbrasilia.com.br\/noticias\/wp-json\/wp\/v2\/posts\/8480\/revisions\/8488"}],"wp:featuredmedia":[{"embeddable":true,"href":"https:\/\/www.esportesbrasilia.com.br\/noticias\/wp-json\/wp\/v2\/media\/8481"}],"wp:attachment":[{"href":"https:\/\/www.esportesbrasilia.com.br\/noticias\/wp-json\/wp\/v2\/media?parent=8480"}],"wp:term":[{"taxonomy":"category","embeddable":true,"href":"https:\/\/www.esportesbrasilia.com.br\/noticias\/wp-json\/wp\/v2\/categories?post=8480"},{"taxonomy":"post_tag","embeddable":true,"href":"https:\/\/www.esportesbrasilia.com.br\/noticias\/wp-json\/wp\/v2\/tags?post=8480"}],"curies":[{"name":"wp","href":"https:\/\/api.w.org\/{rel}","templated":true}]}}