{"id":8417,"date":"2018-10-21T16:30:09","date_gmt":"2018-10-21T19:30:09","guid":{"rendered":"http:\/\/www.esportesbrasilia.com.br\/noticias\/?p=8417"},"modified":"2018-10-21T15:33:49","modified_gmt":"2018-10-21T18:33:49","slug":"cerrado-basquete-inicia-preparacao-para-a-liga-ouro-2019","status":"publish","type":"post","link":"https:\/\/www.esportesbrasilia.com.br\/noticias\/basquete\/cerrado-basquete-inicia-preparacao-para-a-liga-ouro-2019.html","title":{"rendered":"Cerrado Basquete inicia prepara\u00e7\u00e3o para a Liga Ouro 2019"},"content":{"rendered":"<p>O Cerrado Basquete iniciou a prepara\u00e7\u00e3o visando a Liga Ouro 2019. Com mais de 90 dias de anteced\u00eancia da pr\u00f3xima edi\u00e7\u00e3o da competi\u00e7\u00e3o, o time candango come\u00e7a a montar o elenco da pr\u00f3xima temporada.<\/p>\n<p>O t\u00e9cnico do Cerrado Basquete ser\u00e1 Ronaldo Pacheco, conhecido por bons trabalhos no basquete brasiliense. Al\u00e9m de treinador, Pacheco tamb\u00e9m \u00e9 coordenador educacional das atividades do Cerrado Basquete nas categorias de base.<\/p>\n<p>O plantel para a competi\u00e7\u00e3o nacional ainda n\u00e3o est\u00e1 definido e ser\u00e1 ser formado, em parte, por jogadores da cidade, que participar\u00e3o de avalia\u00e7\u00f5es e treinamentos.<\/p>\n<div id=\"attachment_8418\" style=\"width: 732px\" class=\"wp-caption aligncenter\"><img loading=\"lazy\" decoding=\"async\" aria-describedby=\"caption-attachment-8418\" class=\"size-full wp-image-8418\" src=\"https:\/\/www.esportesbrasilia.com.br\/noticias\/wp-content\/uploads\/timeadultomasculino.jpg\" alt=\"Equipe do Cerrado Basquete ser\u00e1 treinada por Ronaldo Pacheco em 2019 - Foto: Divulga\u00e7\u00e3o\" width=\"722\" height=\"434\" srcset=\"https:\/\/www.esportesbrasilia.com.br\/noticias\/wp-content\/uploads\/timeadultomasculino.jpg 722w, https:\/\/www.esportesbrasilia.com.br\/noticias\/wp-content\/uploads\/timeadultomasculino-300x180.jpg 300w, https:\/\/www.esportesbrasilia.com.br\/noticias\/wp-content\/uploads\/timeadultomasculino-696x418.jpg 696w, https:\/\/www.esportesbrasilia.com.br\/noticias\/wp-content\/uploads\/timeadultomasculino-699x420.jpg 699w\" sizes=\"auto, (max-width: 722px) 100vw, 722px\" \/><p id=\"caption-attachment-8418\" class=\"wp-caption-text\">Equipe do Cerrado Basquete ser\u00e1 treinada por Ronaldo Pacheco em 2019 &#8211; Foto: Divulga\u00e7\u00e3o<\/p><\/div>\n<p>Os treinos do Cerrado Basquete s\u00e3o abertos a todos que querem ingressar no time e est\u00e3o acontecendo no Gin\u00e1sio da Iesplan, na 907 Sul, \u00e0s ter\u00e7as e quintas, \u00e0s 21h, e na Arena Pipoka \u2013 inaugurada recentemente \u2013, aos s\u00e1bados, \u00e0s 15h.<\/p>\n<p>A equipe quer esquecer a temporada de estreia na Liga Ouro, onde venceu apenas uma partida em 14 disputadas e ficou com a lanterna do campeonato.<\/p>\n","protected":false},"excerpt":{"rendered":"<p>O Cerrado Basquete iniciou a prepara\u00e7\u00e3o visando a Liga Ouro 2019. Com mais de 90 dias de anteced\u00eancia da pr\u00f3xima edi\u00e7\u00e3o da competi\u00e7\u00e3o, o time candango come\u00e7a a montar o elenco da pr\u00f3xima temporada. O t\u00e9cnico do Cerrado Basquete ser\u00e1 Ronaldo Pacheco, conhecido por bons trabalhos no basquete brasiliense. Al\u00e9m de treinador, Pacheco tamb\u00e9m \u00e9 [&hellip;]<\/p>\n","protected":false},"author":1,"featured_media":8418,"comment_status":"open","ping_status":"closed","sticky":false,"template":"","format":"standard","meta":{"footnotes":""},"categories":[12],"tags":[],"class_list":["post-8417","post","type-post","status-publish","format-standard","has-post-thumbnail","hentry","category-basquete"],"_links":{"self":[{"href":"https:\/\/www.esportesbrasilia.com.br\/noticias\/wp-json\/wp\/v2\/posts\/8417","targetHints":{"allow":["GET"]}}],"collection":[{"href":"https:\/\/www.esportesbrasilia.com.br\/noticias\/wp-json\/wp\/v2\/posts"}],"about":[{"href":"https:\/\/www.esportesbrasilia.com.br\/noticias\/wp-json\/wp\/v2\/types\/post"}],"author":[{"embeddable":true,"href":"https:\/\/www.esportesbrasilia.com.br\/noticias\/wp-json\/wp\/v2\/users\/1"}],"replies":[{"embeddable":true,"href":"https:\/\/www.esportesbrasilia.com.br\/noticias\/wp-json\/wp\/v2\/comments?post=8417"}],"version-history":[{"count":1,"href":"https:\/\/www.esportesbrasilia.com.br\/noticias\/wp-json\/wp\/v2\/posts\/8417\/revisions"}],"predecessor-version":[{"id":8419,"href":"https:\/\/www.esportesbrasilia.com.br\/noticias\/wp-json\/wp\/v2\/posts\/8417\/revisions\/8419"}],"wp:featuredmedia":[{"embeddable":true,"href":"https:\/\/www.esportesbrasilia.com.br\/noticias\/wp-json\/wp\/v2\/media\/8418"}],"wp:attachment":[{"href":"https:\/\/www.esportesbrasilia.com.br\/noticias\/wp-json\/wp\/v2\/media?parent=8417"}],"wp:term":[{"taxonomy":"category","embeddable":true,"href":"https:\/\/www.esportesbrasilia.com.br\/noticias\/wp-json\/wp\/v2\/categories?post=8417"},{"taxonomy":"post_tag","embeddable":true,"href":"https:\/\/www.esportesbrasilia.com.br\/noticias\/wp-json\/wp\/v2\/tags?post=8417"}],"curies":[{"name":"wp","href":"https:\/\/api.w.org\/{rel}","templated":true}]}}