{"id":8342,"date":"2018-09-24T13:29:56","date_gmt":"2018-09-24T16:29:56","guid":{"rendered":"http:\/\/www.esportesbrasilia.com.br\/noticias\/?p=8342"},"modified":"2018-09-24T13:29:56","modified_gmt":"2018-09-24T16:29:56","slug":"integrantes-de-torcida-organizada-sao-presos-por-agressao-em-brasilia-em-2016","status":"publish","type":"post","link":"https:\/\/www.esportesbrasilia.com.br\/noticias\/futebol\/integrantes-de-torcida-organizada-sao-presos-por-agressao-em-brasilia-em-2016.html","title":{"rendered":"Integrantes de torcida organizada s\u00e3o presos por agress\u00e3o em Bras\u00edlia em 2016"},"content":{"rendered":"<p><em>Com informa\u00e7\u00f5es do\u00a0Minist\u00e9rio P\u00fablico do Distrito Federal e Territ\u00f3rios<\/em><\/p>\n<p>A Promotoria de Justi\u00e7a do Tribunal do J\u00fari de Bras\u00edlia obteve, na \u00faltima quinta-feira (20), a condena\u00e7\u00e3o de Lucas Alves Lezo e Gabriel Augusto Silva. Os dois haviam agredido um torcedor durante partida de futebol no Est\u00e1dio Nacional Man\u00e9 Garrincha. Lucas foi condenado a 20 anos de reclus\u00e3o por tentativa de homic\u00eddio duplamente qualificado, e Gabriel, a sete anos e\u00a0seis meses por les\u00e3o corporal grav\u00edssima.<\/p>\n<p>O julgamento durou 27 horas. Os jurados aceitaram as qualificadoras apresentadas pela Promotoria contra Lucas: motivo f\u00fatil (rivalidade entre torcidas de futebol) e uso de recurso que dificultou a defesa da v\u00edtima (ataque quando a v\u00edtima j\u00e1 estava ca\u00edda).<\/p>\n<p>O crime ocorreu em 5 de junho de 2016, durante a partida Flamengo\u00a0e Palmeiras. Lucas e Gabriel, membros de uma torcida organizada do Palmeiras, vieram de S\u00e3o Paulo para acompanhar o jogo. No intervalo, entraram em confronto com integrantes da torcida organizada do Flamengo.<\/p>\n<div id=\"attachment_8343\" style=\"width: 970px\" class=\"wp-caption aligncenter\"><img loading=\"lazy\" decoding=\"async\" aria-describedby=\"caption-attachment-8343\" class=\"size-full wp-image-8343\" src=\"https:\/\/www.esportesbrasilia.com.br\/noticias\/wp-content\/uploads\/flamengoxpalmeiras_ct_2.jpg\" alt=\"Dois integrantes de uma torcida organizada do Palmeiras foram condenados por confus\u00e3o no est\u00e1dio Nacional Man\u00e9 Garrincha em 2016 - Foto: Carlos Teixeira\/Ag\u00eancia EB\" width=\"960\" height=\"640\" srcset=\"https:\/\/www.esportesbrasilia.com.br\/noticias\/wp-content\/uploads\/flamengoxpalmeiras_ct_2.jpg 960w, https:\/\/www.esportesbrasilia.com.br\/noticias\/wp-content\/uploads\/flamengoxpalmeiras_ct_2-300x200.jpg 300w, https:\/\/www.esportesbrasilia.com.br\/noticias\/wp-content\/uploads\/flamengoxpalmeiras_ct_2-768x512.jpg 768w, https:\/\/www.esportesbrasilia.com.br\/noticias\/wp-content\/uploads\/flamengoxpalmeiras_ct_2-696x464.jpg 696w, https:\/\/www.esportesbrasilia.com.br\/noticias\/wp-content\/uploads\/flamengoxpalmeiras_ct_2-630x420.jpg 630w\" sizes=\"auto, (max-width: 960px) 100vw, 960px\" \/><p id=\"caption-attachment-8343\" class=\"wp-caption-text\">Dois integrantes de uma torcida organizada do Palmeiras foram condenados por confus\u00e3o no est\u00e1dio Nacional Man\u00e9 Garrincha em 2016 &#8211; Foto: Carlos Teixeira\/Ag\u00eancia EB<\/p><\/div>\n<p>Ap\u00f3s provoca\u00e7\u00f5es entre os dois grupos, os r\u00e9us, acompanhados por torcedores palmeirenses, atacaram violentamente a v\u00edtima. O rapaz desmaiou e continuou sendo agredido mesmo depois de ter perdido os sentidos. Ele foi socorrido e n\u00e3o morreu, mas passou mais de um ano em coma. Al\u00e9m disso, ficou com sequelas permanentes, que o impedem de andar e de falar.<\/p>\n","protected":false},"excerpt":{"rendered":"<p>Com informa\u00e7\u00f5es do\u00a0Minist\u00e9rio P\u00fablico do Distrito Federal e Territ\u00f3rios A Promotoria de Justi\u00e7a do Tribunal do J\u00fari de Bras\u00edlia obteve, na \u00faltima quinta-feira (20), a condena\u00e7\u00e3o de Lucas Alves Lezo e Gabriel Augusto Silva. Os dois haviam agredido um torcedor durante partida de futebol no Est\u00e1dio Nacional Man\u00e9 Garrincha. Lucas foi condenado a 20 anos [&hellip;]<\/p>\n","protected":false},"author":1,"featured_media":8343,"comment_status":"open","ping_status":"closed","sticky":false,"template":"","format":"standard","meta":{"footnotes":""},"categories":[8],"tags":[],"class_list":["post-8342","post","type-post","status-publish","format-standard","has-post-thumbnail","hentry","category-futebol"],"_links":{"self":[{"href":"https:\/\/www.esportesbrasilia.com.br\/noticias\/wp-json\/wp\/v2\/posts\/8342","targetHints":{"allow":["GET"]}}],"collection":[{"href":"https:\/\/www.esportesbrasilia.com.br\/noticias\/wp-json\/wp\/v2\/posts"}],"about":[{"href":"https:\/\/www.esportesbrasilia.com.br\/noticias\/wp-json\/wp\/v2\/types\/post"}],"author":[{"embeddable":true,"href":"https:\/\/www.esportesbrasilia.com.br\/noticias\/wp-json\/wp\/v2\/users\/1"}],"replies":[{"embeddable":true,"href":"https:\/\/www.esportesbrasilia.com.br\/noticias\/wp-json\/wp\/v2\/comments?post=8342"}],"version-history":[{"count":1,"href":"https:\/\/www.esportesbrasilia.com.br\/noticias\/wp-json\/wp\/v2\/posts\/8342\/revisions"}],"predecessor-version":[{"id":8344,"href":"https:\/\/www.esportesbrasilia.com.br\/noticias\/wp-json\/wp\/v2\/posts\/8342\/revisions\/8344"}],"wp:featuredmedia":[{"embeddable":true,"href":"https:\/\/www.esportesbrasilia.com.br\/noticias\/wp-json\/wp\/v2\/media\/8343"}],"wp:attachment":[{"href":"https:\/\/www.esportesbrasilia.com.br\/noticias\/wp-json\/wp\/v2\/media?parent=8342"}],"wp:term":[{"taxonomy":"category","embeddable":true,"href":"https:\/\/www.esportesbrasilia.com.br\/noticias\/wp-json\/wp\/v2\/categories?post=8342"},{"taxonomy":"post_tag","embeddable":true,"href":"https:\/\/www.esportesbrasilia.com.br\/noticias\/wp-json\/wp\/v2\/tags?post=8342"}],"curies":[{"name":"wp","href":"https:\/\/api.w.org\/{rel}","templated":true}]}}