{"id":7967,"date":"2018-06-20T13:45:25","date_gmt":"2018-06-20T16:45:25","guid":{"rendered":"http:\/\/www.esportesbrasilia.com.br\/noticias\/?p=7967"},"modified":"2018-06-20T13:45:25","modified_gmt":"2018-06-20T16:45:25","slug":"portugal-e-pressionado-por-marrocos-mas-vence-com-gol-de-cr7","status":"publish","type":"post","link":"https:\/\/www.esportesbrasilia.com.br\/noticias\/futebol\/copadomundo2018\/portugal-e-pressionado-por-marrocos-mas-vence-com-gol-de-cr7.html","title":{"rendered":"Portugal \u00e9 pressionado por Marrocos, mas vence com gol de CR7"},"content":{"rendered":"<p>Fonte: Ag\u00eancia Brasil<\/p>\n<p>Se Portugal for longe na Copa do Mundo, o pa\u00eds dever\u00e1 agradecer a Cristiano Ronaldo. Hoje (20), logo no in\u00edcio do jogo, aos 4 minutos, CR7 mostrou vontade de fazer hist\u00f3ria e marcou de cabe\u00e7a, ap\u00f3s cobran\u00e7a de escanteio. Ele \u00e9 o artilheiro da Copa at\u00e9 agora, com quatro gols. Gra\u00e7as a seu melhor jogador, Portugal venceu, mas n\u00e3o convenceu.<\/p>\n<div id=\"attachment_7968\" style=\"width: 778px\" class=\"wp-caption aligncenter\"><img loading=\"lazy\" decoding=\"async\" aria-describedby=\"caption-attachment-7968\" class=\"size-full wp-image-7968\" src=\"https:\/\/www.esportesbrasilia.com.br\/noticias\/wp-content\/uploads\/portugalxmarrocos.jpg\" alt=\"Cristiano Ronaldo marcou o \u00fanico gol da partida ainda nos minutos iniciais de jogo - Foto: Getty Images\/FIFA\" width=\"768\" height=\"432\" srcset=\"https:\/\/www.esportesbrasilia.com.br\/noticias\/wp-content\/uploads\/portugalxmarrocos.jpg 768w, https:\/\/www.esportesbrasilia.com.br\/noticias\/wp-content\/uploads\/portugalxmarrocos-300x169.jpg 300w, https:\/\/www.esportesbrasilia.com.br\/noticias\/wp-content\/uploads\/portugalxmarrocos-696x392.jpg 696w, https:\/\/www.esportesbrasilia.com.br\/noticias\/wp-content\/uploads\/portugalxmarrocos-747x420.jpg 747w\" sizes=\"auto, (max-width: 768px) 100vw, 768px\" \/><p id=\"caption-attachment-7968\" class=\"wp-caption-text\">Cristiano Ronaldo marcou o \u00fanico gol da partida ainda nos minutos iniciais de jogo &#8211; Foto: Getty Images\/FIFA<\/p><\/div>\n<p>Se nos primeiros minutos a impress\u00e3o era de que viria uma goleada, a atua\u00e7\u00e3o da Sele\u00e7\u00e3o de Marrocos tratou logo de mudar o cen\u00e1rio. Pouco depois do gol,\u00a0 Marrocos come\u00e7ou a jogar com garra e disposi\u00e7\u00e3o. E mostrou mais consist\u00eancia no ataque. Apostando na velocidade, amea\u00e7ou os portugueses com jogadas pelas laterais e cruzamentos na \u00e1rea.<\/p>\n<p>Portugal s\u00f3 chegaria novamente com perigo aos 38 minutos de jogo. Gon\u00e7alo Guedes recebeu bom passe de Cristiano Ronaldo, que o deixou diante do goleiro, mas El Kajoui fez a defesa, mostrando bons reflexos. A resposta veio pouco depois.<\/p>\n<p>Por uma quest\u00e3o de cent\u00edmetros, Benatia n\u00e3o empatou aos 46 minutos. Ap\u00f3s cobran\u00e7a de falta pela direita do ataque, a bola foi desviada para o meio da \u00e1rea por Belhanda e o zagueiro marroquino n\u00e3o alcan\u00e7ou a bola por muito pouco.<\/p>\n<div id=\"attachment_7970\" style=\"width: 778px\" class=\"wp-caption aligncenter\"><img loading=\"lazy\" decoding=\"async\" aria-describedby=\"caption-attachment-7970\" class=\"size-full wp-image-7970\" src=\"https:\/\/www.esportesbrasilia.com.br\/noticias\/wp-content\/uploads\/portugalxmarrocos_3.jpg\" alt=\"Primeiro tempo foi truncado, mas era vencido por Portugal - Foto: Getty Images\/FIFA\" width=\"768\" height=\"432\" srcset=\"https:\/\/www.esportesbrasilia.com.br\/noticias\/wp-content\/uploads\/portugalxmarrocos_3.jpg 768w, https:\/\/www.esportesbrasilia.com.br\/noticias\/wp-content\/uploads\/portugalxmarrocos_3-300x169.jpg 300w, https:\/\/www.esportesbrasilia.com.br\/noticias\/wp-content\/uploads\/portugalxmarrocos_3-696x392.jpg 696w, https:\/\/www.esportesbrasilia.com.br\/noticias\/wp-content\/uploads\/portugalxmarrocos_3-747x420.jpg 747w\" sizes=\"auto, (max-width: 768px) 100vw, 768px\" \/><p id=\"caption-attachment-7970\" class=\"wp-caption-text\">Primeiro tempo foi truncado, mas era vencido por Portugal &#8211; Foto: Getty Images\/FIFA<\/p><\/div>\n<p><strong>Segundo tempo<\/strong><\/p>\n<p>Na etapa\u00a0 final, Marrocos mostrou que a justi\u00e7a e o futebol nem sempre est\u00e3o na mesma p\u00e1gina da hist\u00f3ria. A sele\u00e7\u00e3o africana, que j\u00e1 merecia o empate, mostrou que tamb\u00e9m n\u00e3o mereceu ter perdido para o Ir\u00e3 na primeira rodada.<\/p>\n<p>Com bom toque de bola, os marroquinos passaram a controlar o jogo e a criar chances reais de empatar. Aos 11 minutos, Belhanda cabeceou no canto, mas o goleiro Rui Patr\u00edcio fez uma defesa incr\u00edvel, digna de Gordon Banks, da Sele\u00e7\u00e3o da Inglaterra na Copa de 70, no M\u00e9xico. Amrabat e Belhanda incomodaram a defesa advers\u00e1ria o jogo inteiro.<\/p>\n<p>Marrocos tentou seu gol at\u00e9 o minuto final. Aos 45 minutos do segundo tempo, Ziyech entrou na \u00e1rea com velocidade pela direita e chutou com perigo, mas a bola n\u00e3o entrou.<\/p>\n<div id=\"attachment_7969\" style=\"width: 778px\" class=\"wp-caption aligncenter\"><img loading=\"lazy\" decoding=\"async\" aria-describedby=\"caption-attachment-7969\" class=\"size-full wp-image-7969\" src=\"https:\/\/www.esportesbrasilia.com.br\/noticias\/wp-content\/uploads\/portugalxmarrocos_2.jpg\" alt=\"Marrocos pressionou na reta final de partida, quase empatou o jogo, mas o placar ficou no 1x0 para Portugal, eliminando os marroquinos - Foto: Getty Images\/FIFA\" width=\"768\" height=\"432\" srcset=\"https:\/\/www.esportesbrasilia.com.br\/noticias\/wp-content\/uploads\/portugalxmarrocos_2.jpg 768w, https:\/\/www.esportesbrasilia.com.br\/noticias\/wp-content\/uploads\/portugalxmarrocos_2-300x169.jpg 300w, https:\/\/www.esportesbrasilia.com.br\/noticias\/wp-content\/uploads\/portugalxmarrocos_2-696x392.jpg 696w, https:\/\/www.esportesbrasilia.com.br\/noticias\/wp-content\/uploads\/portugalxmarrocos_2-747x420.jpg 747w\" sizes=\"auto, (max-width: 768px) 100vw, 768px\" \/><p id=\"caption-attachment-7969\" class=\"wp-caption-text\">Marrocos pressionou na reta final de partida, quase empatou o jogo, mas o placar ficou no 1&#215;0 para Portugal, eliminando os marroquinos &#8211; Foto: Getty Images\/FIFA<\/p><\/div>\n<p>O juiz apitou o fim do jogo e os atletas marroquinos n\u00e3o esconderam a tristeza. Jogaram com bravura e melhor que Portugal, mas somam duas derrotas e ainda n\u00e3o conseguiram marcar um gol no mundial da R\u00fassia.<\/p>\n<p>A atua\u00e7\u00e3o portuguesa irritou seu treinador. Em entrevista ap\u00f3s a partida, ele n\u00e3o escondeu o inc\u00f4modo de ver seu time errando passes e mostrando inefici\u00eancia ofensiva. Para ele, alguns jogadores perderam a confian\u00e7a ap\u00f3s cometer erros durante o jogo.<\/p>\n<p>Com a vit\u00f3ria, Portugal chega a 4 pontos no grupo B e assume a lideran\u00e7a provis\u00f3ria, j\u00e1 que a Espanha joga \u00e0s 15h de hoje contra o Ir\u00e3, que tem 3 pontos. Marrocos tem duas derrotas e nenhum ponto ganho. \u00c9 o lanterna do grupo e n\u00e3o tem mais chances de avan\u00e7ar \u00e0s oitavas de final.<\/p>\n","protected":false},"excerpt":{"rendered":"<p>Fonte: Ag\u00eancia Brasil Se Portugal for longe na Copa do Mundo, o pa\u00eds dever\u00e1 agradecer a Cristiano Ronaldo. Hoje (20), logo no in\u00edcio do jogo, aos 4 minutos, CR7 mostrou vontade de fazer hist\u00f3ria e marcou de cabe\u00e7a, ap\u00f3s cobran\u00e7a de escanteio. Ele \u00e9 o artilheiro da Copa at\u00e9 agora, com quatro gols. Gra\u00e7as a [&hellip;]<\/p>\n","protected":false},"author":1,"featured_media":7968,"comment_status":"open","ping_status":"closed","sticky":false,"template":"","format":"standard","meta":{"footnotes":""},"categories":[33],"tags":[],"class_list":["post-7967","post","type-post","status-publish","format-standard","has-post-thumbnail","hentry","category-copadomundo2018"],"_links":{"self":[{"href":"https:\/\/www.esportesbrasilia.com.br\/noticias\/wp-json\/wp\/v2\/posts\/7967","targetHints":{"allow":["GET"]}}],"collection":[{"href":"https:\/\/www.esportesbrasilia.com.br\/noticias\/wp-json\/wp\/v2\/posts"}],"about":[{"href":"https:\/\/www.esportesbrasilia.com.br\/noticias\/wp-json\/wp\/v2\/types\/post"}],"author":[{"embeddable":true,"href":"https:\/\/www.esportesbrasilia.com.br\/noticias\/wp-json\/wp\/v2\/users\/1"}],"replies":[{"embeddable":true,"href":"https:\/\/www.esportesbrasilia.com.br\/noticias\/wp-json\/wp\/v2\/comments?post=7967"}],"version-history":[{"count":1,"href":"https:\/\/www.esportesbrasilia.com.br\/noticias\/wp-json\/wp\/v2\/posts\/7967\/revisions"}],"predecessor-version":[{"id":7971,"href":"https:\/\/www.esportesbrasilia.com.br\/noticias\/wp-json\/wp\/v2\/posts\/7967\/revisions\/7971"}],"wp:featuredmedia":[{"embeddable":true,"href":"https:\/\/www.esportesbrasilia.com.br\/noticias\/wp-json\/wp\/v2\/media\/7968"}],"wp:attachment":[{"href":"https:\/\/www.esportesbrasilia.com.br\/noticias\/wp-json\/wp\/v2\/media?parent=7967"}],"wp:term":[{"taxonomy":"category","embeddable":true,"href":"https:\/\/www.esportesbrasilia.com.br\/noticias\/wp-json\/wp\/v2\/categories?post=7967"},{"taxonomy":"post_tag","embeddable":true,"href":"https:\/\/www.esportesbrasilia.com.br\/noticias\/wp-json\/wp\/v2\/tags?post=7967"}],"curies":[{"name":"wp","href":"https:\/\/api.w.org\/{rel}","templated":true}]}}