{"id":7713,"date":"2018-05-14T14:30:03","date_gmt":"2018-05-14T17:30:03","guid":{"rendered":"http:\/\/www.esportesbrasilia.com.br\/noticias\/?p=7713"},"modified":"2018-05-14T14:30:03","modified_gmt":"2018-05-14T17:30:03","slug":"tite-quebra-protocolo-e-diz-que-zagueiro-do-cruzeiro-por-pouco-nao-foi-convocado-para-a-copa","status":"publish","type":"post","link":"https:\/\/www.esportesbrasilia.com.br\/noticias\/futebol\/copadomundo2018\/tite-quebra-protocolo-e-diz-que-zagueiro-do-cruzeiro-por-pouco-nao-foi-convocado-para-a-copa.html","title":{"rendered":"Tite quebra protocolo e diz que zagueiro do Cruzeiro, por pouco, n\u00e3o foi convocado para a Copa"},"content":{"rendered":"<p>O t\u00e9cnico da sele\u00e7\u00e3o brasileira Tite, respondendo a um questionamento sobre a lista dos convocados para a Copa do Mundo da FIFA, revelou o nome de apenas um jogador que n\u00e3o est\u00e1 entre os 23 convocados, mas que ficou \u00e0 beira de entrar\u00a0nos selecionados.<\/p>\n<p>Trata-se do zagueiro Ded\u00e9, do Cruzeiro. &#8220;Vou falar porqu\u00ea ele merece. Todo trabalho que voc\u00ea realizou de superar, todos os problemas de joelho que passou, de encontrar um clube e uma fam\u00edlia e encontrar a supera\u00e7\u00e3o e voltar em alto n\u00edvel. Ele se faz merecedor de eu quebrar esse protocolo e falar o nome dele&#8221;, assegurou Tite.<\/p>\n<p>O treinador brasileiro garantiu que est\u00e1 de olho em Ded\u00e9 e, em uma eventual necessidade pode convoc\u00e1-lo para a Copa do Mundo da FIFA.<\/p>\n<div id=\"attachment_7714\" style=\"width: 650px\" class=\"wp-caption aligncenter\"><img loading=\"lazy\" decoding=\"async\" aria-describedby=\"caption-attachment-7714\" class=\"size-full wp-image-7714\" src=\"https:\/\/www.esportesbrasilia.com.br\/noticias\/wp-content\/uploads\/dede_VinniciusSilva_Cruzeiro.jpg\" alt=\"Zagueiro Ded\u00e9, do Cruzeiro, est\u00e1 no radar do t\u00e9cnico Tite numa eventual convoca\u00e7\u00e3o para a Copa do Mundo - Foto: Vinnicius Silva\/Cruzeiro EC\" width=\"640\" height=\"426\" srcset=\"https:\/\/www.esportesbrasilia.com.br\/noticias\/wp-content\/uploads\/dede_VinniciusSilva_Cruzeiro.jpg 640w, https:\/\/www.esportesbrasilia.com.br\/noticias\/wp-content\/uploads\/dede_VinniciusSilva_Cruzeiro-300x200.jpg 300w, https:\/\/www.esportesbrasilia.com.br\/noticias\/wp-content\/uploads\/dede_VinniciusSilva_Cruzeiro-631x420.jpg 631w\" sizes=\"auto, (max-width: 640px) 100vw, 640px\" \/><p id=\"caption-attachment-7714\" class=\"wp-caption-text\">Zagueiro Ded\u00e9, do Cruzeiro, est\u00e1 no radar do t\u00e9cnico Tite numa eventual convoca\u00e7\u00e3o para a Copa do Mundo &#8211; Foto: Vinnicius Silva\/Cruzeiro EC<\/p><\/div>\n<p>Vale lembrar que, al\u00e9m de Ded\u00e9, outros 11 jogadores ficam numa chamada &#8216;lista de espera&#8217;, podendo ser chamados a qualquer momento.<\/p>\n<p>A estreia do Brasil na Copa do Mundo da FIFA na R\u00fassia acontece no dia\u00a017 de junho, \u00e0s 15h, diante da Su\u00ed\u00e7a, no est\u00e1dio Rostov Arena.<\/p>\n","protected":false},"excerpt":{"rendered":"<p>O t\u00e9cnico da sele\u00e7\u00e3o brasileira Tite, respondendo a um questionamento sobre a lista dos convocados para a Copa do Mundo da FIFA, revelou o nome de apenas um jogador que n\u00e3o est\u00e1 entre os 23 convocados, mas que ficou \u00e0 beira de entrar\u00a0nos selecionados. Trata-se do zagueiro Ded\u00e9, do Cruzeiro. &#8220;Vou falar porqu\u00ea ele merece. [&hellip;]<\/p>\n","protected":false},"author":2,"featured_media":7714,"comment_status":"open","ping_status":"closed","sticky":false,"template":"","format":"standard","meta":{"footnotes":""},"categories":[33],"tags":[],"class_list":["post-7713","post","type-post","status-publish","format-standard","has-post-thumbnail","hentry","category-copadomundo2018"],"_links":{"self":[{"href":"https:\/\/www.esportesbrasilia.com.br\/noticias\/wp-json\/wp\/v2\/posts\/7713","targetHints":{"allow":["GET"]}}],"collection":[{"href":"https:\/\/www.esportesbrasilia.com.br\/noticias\/wp-json\/wp\/v2\/posts"}],"about":[{"href":"https:\/\/www.esportesbrasilia.com.br\/noticias\/wp-json\/wp\/v2\/types\/post"}],"author":[{"embeddable":true,"href":"https:\/\/www.esportesbrasilia.com.br\/noticias\/wp-json\/wp\/v2\/users\/2"}],"replies":[{"embeddable":true,"href":"https:\/\/www.esportesbrasilia.com.br\/noticias\/wp-json\/wp\/v2\/comments?post=7713"}],"version-history":[{"count":1,"href":"https:\/\/www.esportesbrasilia.com.br\/noticias\/wp-json\/wp\/v2\/posts\/7713\/revisions"}],"predecessor-version":[{"id":7715,"href":"https:\/\/www.esportesbrasilia.com.br\/noticias\/wp-json\/wp\/v2\/posts\/7713\/revisions\/7715"}],"wp:featuredmedia":[{"embeddable":true,"href":"https:\/\/www.esportesbrasilia.com.br\/noticias\/wp-json\/wp\/v2\/media\/7714"}],"wp:attachment":[{"href":"https:\/\/www.esportesbrasilia.com.br\/noticias\/wp-json\/wp\/v2\/media?parent=7713"}],"wp:term":[{"taxonomy":"category","embeddable":true,"href":"https:\/\/www.esportesbrasilia.com.br\/noticias\/wp-json\/wp\/v2\/categories?post=7713"},{"taxonomy":"post_tag","embeddable":true,"href":"https:\/\/www.esportesbrasilia.com.br\/noticias\/wp-json\/wp\/v2\/tags?post=7713"}],"curies":[{"name":"wp","href":"https:\/\/api.w.org\/{rel}","templated":true}]}}