{"id":7368,"date":"2018-03-21T17:36:21","date_gmt":"2018-03-21T20:36:21","guid":{"rendered":"http:\/\/www.esportesbrasilia.com.br\/noticias\/?p=7368"},"modified":"2018-03-22T09:18:57","modified_gmt":"2018-03-22T12:18:57","slug":"brasiliense-repete-placar-e-elimina-paracatu","status":"publish","type":"post","link":"https:\/\/www.esportesbrasilia.com.br\/noticias\/futebol\/brasiliense-repete-placar-e-elimina-paracatu.html","title":{"rendered":"Brasiliense repete placar e elimina Paracatu do Candang\u00e3o 2018"},"content":{"rendered":"<p><strong>Com muitas nuvens negras que passeavam sob o est\u00e1dio Abadi\u00e3o na tarde desta quarta-feira (21), Brasiliense\u00a0e Paracatu se enfrentaram para ver quem ficaria com a primeira das quatro vagas da semifinal do Candang\u00e3o. O Jacar\u00e9, que havia vencido o jogo de ida por 2&#215;0, repetiu o placar com tranquilidade e derrotou mais uma vez a equipe mineira, garantindo a vaga na semifinal.<\/strong><\/p>\n<p>Agora, para os torcedores amarelos, fica a expectativa de\u00a0quem enfrentar na pr\u00f3xima fase. O Gama\u00a0joga contra o Luzi\u00e2nia, no est\u00e1dio Bezerr\u00e3o. A <strong>Esportes Bras\u00edlia<\/strong> far\u00e1 a transmiss\u00e3o da partida.<\/p>\n<p><strong>Jogo morno<br \/>\n<\/strong>O primeiro tempo foi morno, sem muita emo\u00e7\u00e3o. O Paracatu, que tinha que correr atr\u00e1s do preju\u00edzo enorme, s\u00f3 conseguiu atacar pra valer aos 25 minutos, quando Myller bateu cruzado e Acerola tirou a bola em cima da linha, salvando o Brasiliense.<\/p>\n<p>Ainda no primeiro tempo, o Jacar\u00e9 teve a chance de aumentar a vantagem e matar de vez o time mineiro. Aos 39, Gerson entrou na \u00e1rea pela esquerda e tomou um carrinho do zagueiro Vitor Melo. O arbitro marcou o penal, mas, na cobran\u00e7a, Nunes bateu mal e Vinicius se posicionou bem para fazer a defesa.<\/p>\n<div id=\"attachment_7377\" style=\"width: 650px\" class=\"wp-caption aligncenter\"><img loading=\"lazy\" decoding=\"async\" aria-describedby=\"caption-attachment-7377\" class=\"size-large wp-image-7377\" src=\"https:\/\/www.esportesbrasilia.com.br\/noticias\/wp-content\/uploads\/brasiliensexparacatu_igoestrela_metropoles_3-1024x682.jpg\" alt=\"Goleiro Vinicius defende cobran\u00e7a de Nunes na reta final do primeiro tempo - Foto: Igo Estrela\/Metropoles\" width=\"640\" height=\"426\" srcset=\"https:\/\/www.esportesbrasilia.com.br\/noticias\/wp-content\/uploads\/brasiliensexparacatu_igoestrela_metropoles_3-1024x682.jpg 1024w, https:\/\/www.esportesbrasilia.com.br\/noticias\/wp-content\/uploads\/brasiliensexparacatu_igoestrela_metropoles_3-300x200.jpg 300w, https:\/\/www.esportesbrasilia.com.br\/noticias\/wp-content\/uploads\/brasiliensexparacatu_igoestrela_metropoles_3-768x511.jpg 768w, https:\/\/www.esportesbrasilia.com.br\/noticias\/wp-content\/uploads\/brasiliensexparacatu_igoestrela_metropoles_3-696x463.jpg 696w, https:\/\/www.esportesbrasilia.com.br\/noticias\/wp-content\/uploads\/brasiliensexparacatu_igoestrela_metropoles_3-1068x711.jpg 1068w, https:\/\/www.esportesbrasilia.com.br\/noticias\/wp-content\/uploads\/brasiliensexparacatu_igoestrela_metropoles_3-631x420.jpg 631w, https:\/\/www.esportesbrasilia.com.br\/noticias\/wp-content\/uploads\/brasiliensexparacatu_igoestrela_metropoles_3.jpg 1280w\" sizes=\"auto, (max-width: 640px) 100vw, 640px\" \/><p id=\"caption-attachment-7377\" class=\"wp-caption-text\">Goleiro Vinicius defende cobran\u00e7a de Nunes na reta final do primeiro tempo &#8211; Foto: Igo Estrela\/Metropoles<\/p><\/div>\n<p>Aos nove minutos do segundo tempo, Nunes se redimiu do p\u00eanalti perdido. Ap\u00f3s cobran\u00e7a de escanteio, o centroavante testou firme para o fundo do gol, fazendo o primeiro gol do Brasiliense\u00a0e\u00a0abrindo o placar no Abadi\u00e3o. \u00c0quela altura, o Jacar\u00e9 colocava os dois p\u00e9s na semifinal.<\/p>\n<div id=\"attachment_7375\" style=\"width: 650px\" class=\"wp-caption aligncenter\"><img loading=\"lazy\" decoding=\"async\" aria-describedby=\"caption-attachment-7375\" class=\"size-large wp-image-7375\" src=\"https:\/\/www.esportesbrasilia.com.br\/noticias\/wp-content\/uploads\/brasiliensexparacatu_igoestrela_metropoles_2-1024x682.jpg\" alt=\"Nunes abre o placar aos dez minutos do segundo tempo e vai comemorar com o banco de reservas - Foto: Igo Estrela\/Metropoles\" width=\"640\" height=\"426\" srcset=\"https:\/\/www.esportesbrasilia.com.br\/noticias\/wp-content\/uploads\/brasiliensexparacatu_igoestrela_metropoles_2-1024x682.jpg 1024w, https:\/\/www.esportesbrasilia.com.br\/noticias\/wp-content\/uploads\/brasiliensexparacatu_igoestrela_metropoles_2-300x200.jpg 300w, https:\/\/www.esportesbrasilia.com.br\/noticias\/wp-content\/uploads\/brasiliensexparacatu_igoestrela_metropoles_2-768x511.jpg 768w, https:\/\/www.esportesbrasilia.com.br\/noticias\/wp-content\/uploads\/brasiliensexparacatu_igoestrela_metropoles_2-696x463.jpg 696w, https:\/\/www.esportesbrasilia.com.br\/noticias\/wp-content\/uploads\/brasiliensexparacatu_igoestrela_metropoles_2-1068x711.jpg 1068w, https:\/\/www.esportesbrasilia.com.br\/noticias\/wp-content\/uploads\/brasiliensexparacatu_igoestrela_metropoles_2-631x420.jpg 631w, https:\/\/www.esportesbrasilia.com.br\/noticias\/wp-content\/uploads\/brasiliensexparacatu_igoestrela_metropoles_2.jpg 1280w\" sizes=\"auto, (max-width: 640px) 100vw, 640px\" \/><p id=\"caption-attachment-7375\" class=\"wp-caption-text\">Nunes abre o placar aos dez minutos do segundo tempo e vai comemorar com o banco de reservas &#8211; Foto: Igo Estrela\/Metropoles<\/p><\/div>\n<p>Cinco minutos depois, o jacar\u00e9 fechou a tampa do caix\u00e3o do Paracatu. G\u00e9rson desceu pela esquerda e cruzou no segundo pau. Zizu subiu mais alto que a defesa e cabeceou no alto de Vin\u00edcius, anotando o segundo do time amarelo.<\/p>\n<p>O Paracatu n\u00e3o conseguiu reagir mais na partida. Tanto que o \u00e1rbitro n\u00e3o quis nem saber de dar acr\u00e9scimos no fim do segundo tempo, decretando a classifica\u00e7\u00e3o do Jacar\u00e9 mais cedo. Fim de papo: <strong>Brasiliense 2&#215;0 Paracatu<\/strong>.<\/p>\n<p><strong>CAMPEONATO BRASILIENSE \u2013 QUARTAS DE FINAL<br \/>\n<\/strong><strong>BRASILIENSE 2-0 PARACATU<br \/>\n<\/strong><strong>21\/03\/2018 \u2013 EST\u00c1DIO ABADI\u00c3O \u2013 CEIL\u00c2NDIA\/DF<\/strong><\/p>\n<p>P\u00fablico: 298 pagantes<br \/>\nRenda: R$ 1.153,00<\/p>\n<p><strong>Cart\u00f5es amarelos:<br \/>\n<\/strong>Wallace, Luquinhas, Radam\u00e9s (Brasiliense)<br \/>\nFl\u00e1vio Mineiro, Z\u00e9 Wilson, Marquinhos, Victor Melo (Paracatu)<\/p>\n<p><strong>Cart\u00e3o vermelho:<br \/>\n<\/strong>Alisson Guirra (Paracatu)<\/p>\n<p><strong>BRASILIENSE<br \/>\n<\/strong>Edmar Sucuri; Aldo, Welton Felipe, Wallace, Gerson; Acerola, Radam\u00e9s, Zizu, Luquinhas (Romarinho); Reinaldo (Assisinho), Nunes (Peninha).<br \/>\nT\u00e9cnico: Ailton Ferraz<\/p>\n<p><strong>PARACATU<br \/>\n<\/strong>Vin\u00edcius; Fl\u00e1vio Mineiro, Victor Melo, Taison, Humberto (Igor Pato); Alisson Guirra, Marquinho (Andr\u00e9 J\u00fanior), Z\u00e9 Wilson, Dim; Myller, Igor Carioca (Gregory).<br \/>\nT\u00e9cnico: Gauchinho<\/p>\n","protected":false},"excerpt":{"rendered":"<p>Com muitas nuvens negras que passeavam sob o est\u00e1dio Abadi\u00e3o na tarde desta quarta-feira (21), Brasiliense\u00a0e Paracatu se enfrentaram para ver quem ficaria com a primeira das quatro vagas da semifinal do Candang\u00e3o. O Jacar\u00e9, que havia vencido o jogo de ida por 2&#215;0, repetiu o placar com tranquilidade e derrotou mais uma vez a [&hellip;]<\/p>\n","protected":false},"author":23,"featured_media":7374,"comment_status":"open","ping_status":"closed","sticky":false,"template":"","format":"standard","meta":{"footnotes":""},"categories":[8],"tags":[34,45,52,47,44],"class_list":["post-7368","post","type-post","status-publish","format-standard","has-post-thumbnail","hentry","category-futebol","tag-brasiliense","tag-brasiliense-x-paracatu","tag-jacare","tag-nunes","tag-paracatu"],"_links":{"self":[{"href":"https:\/\/www.esportesbrasilia.com.br\/noticias\/wp-json\/wp\/v2\/posts\/7368","targetHints":{"allow":["GET"]}}],"collection":[{"href":"https:\/\/www.esportesbrasilia.com.br\/noticias\/wp-json\/wp\/v2\/posts"}],"about":[{"href":"https:\/\/www.esportesbrasilia.com.br\/noticias\/wp-json\/wp\/v2\/types\/post"}],"author":[{"embeddable":true,"href":"https:\/\/www.esportesbrasilia.com.br\/noticias\/wp-json\/wp\/v2\/users\/23"}],"replies":[{"embeddable":true,"href":"https:\/\/www.esportesbrasilia.com.br\/noticias\/wp-json\/wp\/v2\/comments?post=7368"}],"version-history":[{"count":4,"href":"https:\/\/www.esportesbrasilia.com.br\/noticias\/wp-json\/wp\/v2\/posts\/7368\/revisions"}],"predecessor-version":[{"id":7378,"href":"https:\/\/www.esportesbrasilia.com.br\/noticias\/wp-json\/wp\/v2\/posts\/7368\/revisions\/7378"}],"wp:featuredmedia":[{"embeddable":true,"href":"https:\/\/www.esportesbrasilia.com.br\/noticias\/wp-json\/wp\/v2\/media\/7374"}],"wp:attachment":[{"href":"https:\/\/www.esportesbrasilia.com.br\/noticias\/wp-json\/wp\/v2\/media?parent=7368"}],"wp:term":[{"taxonomy":"category","embeddable":true,"href":"https:\/\/www.esportesbrasilia.com.br\/noticias\/wp-json\/wp\/v2\/categories?post=7368"},{"taxonomy":"post_tag","embeddable":true,"href":"https:\/\/www.esportesbrasilia.com.br\/noticias\/wp-json\/wp\/v2\/tags?post=7368"}],"curies":[{"name":"wp","href":"https:\/\/api.w.org\/{rel}","templated":true}]}}