{"id":6952,"date":"2018-02-15T11:26:58","date_gmt":"2018-02-15T14:26:58","guid":{"rendered":"http:\/\/www.esportesbrasilia.com.br\/noticias\/?p=6952"},"modified":"2018-02-15T11:26:58","modified_gmt":"2018-02-15T14:26:58","slug":"federacao-remarca-partidas-atrasadas-do-candangao-2018","status":"publish","type":"post","link":"https:\/\/www.esportesbrasilia.com.br\/noticias\/futebol\/federacao-remarca-partidas-atrasadas-do-candangao-2018.html","title":{"rendered":"Federa\u00e7\u00e3o remarca partidas atrasadas do Candang\u00e3o 2018"},"content":{"rendered":"<p><em>Fonte: FFDF<\/em><\/p>\n<p>Devido \u00e0s participa\u00e7\u00f5es de Brasiliense e Ceil\u00e2ndia em competi\u00e7\u00f5es a n\u00edvel nacional, al\u00e9m de situa\u00e7\u00f5es extracampo, como a chuva ocorrida em Paracatu, durante a disputa da terceira rodada, algumas partidas do 43\u00ba Campeonato de Futebol Profissional da Primeira Divis\u00e3o do Distrito Federal foram adiadas pelas rodadas anteriores.<\/p>\n<p>No entanto, em um esfor\u00e7o pelo calend\u00e1rio apertado este ano, por conta da realiza\u00e7\u00e3o da Copa do Mundo, a diretoria de futebol da Federa\u00e7\u00e3o de Futebol do DF (FFDF), juntamente do Departamento T\u00e9cnico da entidade, remarcou tr\u00eas partidas n\u00e3o realizadas anteriormente.<\/p>\n<p>Assim, de acordo com os ajustes, os confrontos que faltam serem realizados, ter\u00e3o in\u00edcio j\u00e1 a partir da pr\u00f3xima semana. De acordo com a tabela oficial, Ceil\u00e2ndia x Parano\u00e1 (1\u00aa rodada), Brasiliense x Bolamense (3\u00aa rodada) e Paracatu x Luzi\u00e2nia (3\u00aa rodada), ser\u00e3o realizados no pr\u00f3ximo dia 21 de fevereiro (quinta-feira).<\/p>\n<p>CONFIRA OS LOCAIS E HOR\u00c1RIOS DAS PARTIDAS:<\/p>\n<p>Ceil\u00e2ndia x Parano\u00e1 \u2013 Abadi\u00e3o (15h30)<br \/>\nBrasiliense x Bolamense \u2013 Man\u00e9 Garrincha (16h)<br \/>\nParacatu x Luzi\u00e2nia \u2013 Frei Norberto (18h)<\/p>\n<p>Outros dois confrontos que ficaram atrasados ainda ser\u00e3o realizados. Um deles, entre Santa Maria e Ceil\u00e2ndia, v\u00e1lido pela 5\u00aa rodada, est\u00e1 marcado para o dia 7 de mar\u00e7o (quarta-feira), \u00e0s 15h30, no est\u00e1dio Bezerr\u00e3o.<\/p>\n<p>J\u00e1 Ceil\u00e2ndia x Brasiliense (6\u00aa rodada), ainda n\u00e3o tem data marcada, pois depende da continua\u00e7\u00e3o ou n\u00e3o do Jacar\u00e9 na Copa Verde 2018.<\/p>\n","protected":false},"excerpt":{"rendered":"<p>Fonte: FFDF Devido \u00e0s participa\u00e7\u00f5es de Brasiliense e Ceil\u00e2ndia em competi\u00e7\u00f5es a n\u00edvel nacional, al\u00e9m de situa\u00e7\u00f5es extracampo, como a chuva ocorrida em Paracatu, durante a disputa da terceira rodada, algumas partidas do 43\u00ba Campeonato de Futebol Profissional da Primeira Divis\u00e3o do Distrito Federal foram adiadas pelas rodadas anteriores. No entanto, em um esfor\u00e7o pelo [&hellip;]<\/p>\n","protected":false},"author":1,"featured_media":1707,"comment_status":"open","ping_status":"closed","sticky":false,"template":"","format":"standard","meta":{"footnotes":""},"categories":[8],"tags":[],"class_list":["post-6952","post","type-post","status-publish","format-standard","has-post-thumbnail","hentry","category-futebol"],"_links":{"self":[{"href":"https:\/\/www.esportesbrasilia.com.br\/noticias\/wp-json\/wp\/v2\/posts\/6952","targetHints":{"allow":["GET"]}}],"collection":[{"href":"https:\/\/www.esportesbrasilia.com.br\/noticias\/wp-json\/wp\/v2\/posts"}],"about":[{"href":"https:\/\/www.esportesbrasilia.com.br\/noticias\/wp-json\/wp\/v2\/types\/post"}],"author":[{"embeddable":true,"href":"https:\/\/www.esportesbrasilia.com.br\/noticias\/wp-json\/wp\/v2\/users\/1"}],"replies":[{"embeddable":true,"href":"https:\/\/www.esportesbrasilia.com.br\/noticias\/wp-json\/wp\/v2\/comments?post=6952"}],"version-history":[{"count":1,"href":"https:\/\/www.esportesbrasilia.com.br\/noticias\/wp-json\/wp\/v2\/posts\/6952\/revisions"}],"predecessor-version":[{"id":6953,"href":"https:\/\/www.esportesbrasilia.com.br\/noticias\/wp-json\/wp\/v2\/posts\/6952\/revisions\/6953"}],"wp:featuredmedia":[{"embeddable":true,"href":"https:\/\/www.esportesbrasilia.com.br\/noticias\/wp-json\/wp\/v2\/media\/1707"}],"wp:attachment":[{"href":"https:\/\/www.esportesbrasilia.com.br\/noticias\/wp-json\/wp\/v2\/media?parent=6952"}],"wp:term":[{"taxonomy":"category","embeddable":true,"href":"https:\/\/www.esportesbrasilia.com.br\/noticias\/wp-json\/wp\/v2\/categories?post=6952"},{"taxonomy":"post_tag","embeddable":true,"href":"https:\/\/www.esportesbrasilia.com.br\/noticias\/wp-json\/wp\/v2\/tags?post=6952"}],"curies":[{"name":"wp","href":"https:\/\/api.w.org\/{rel}","templated":true}]}}