{"id":6772,"date":"2017-11-28T15:16:41","date_gmt":"2017-11-28T18:16:41","guid":{"rendered":"http:\/\/www.esportesbrasilia.com.br\/noticias\/?p=6772"},"modified":"2018-01-30T15:38:04","modified_gmt":"2018-01-30T18:38:04","slug":"sobradinho-riacho-fundo-ii-e-futuro-campeao-vencem-o-festival-paulo-pernambuco-de-volei","status":"publish","type":"post","link":"https:\/\/www.esportesbrasilia.com.br\/noticias\/volei\/sobradinho-riacho-fundo-ii-e-futuro-campeao-vencem-o-festival-paulo-pernambuco-de-volei.html","title":{"rendered":"Sobradinho, Riacho Fundo II e Futuro Campe\u00e3o vencem o Festival Paulo Pernambuco de V\u00f4lei"},"content":{"rendered":"<p><em>Fonte: Federa\u00e7\u00e3o de V\u00f4lei do DF<\/em><\/p>\n<p>A alegria e o companheirismo reinaram neste fim de semana, no Gin\u00e1sio II da Universidade Cat\u00f3lica de Bras\u00edlia, em \u00c1guas Claras. \u00c9 que aconteceu a terceira e \u00faltima etapa do Festival Paulo Pernambuco de v\u00f4lei.<\/p>\n<p>O evento, que mostra os novos talentos do voleibol brasiliense, foi disputado por 22 equipes, nas categorias Mirim Masculino e Mirim Feminino.<\/p>\n<p>Na categoria Mirim Masculino,\u00a0o grande vencedor foi o CID Sobradinho. O Nipo\/Bandeirante ficou com a segunda coloca\u00e7\u00e3o e o EPAT levou o terceiro lugar.<\/p>\n<p>J\u00e1 a categoria Mirim Feminino foi dividida, mais uma vez, nas s\u00e9ries Ouro e Prata. Na s\u00e9rie Prata, o campe\u00e3o foi o CID Riacho Fundo II, com a Escola Polivalente levando o segundo lugar e a Escola Nacional de Esportes, fundada pela jogadora do Bauru V\u00f4lei, Paula Pequeno, ficando com a terceira posi\u00e7\u00e3o.<\/p>\n<p>Na s\u00e9rie Ouro, quem se deu bem foi a escola Futuro Campe\u00e3o, que levou o t\u00edtulo. A segunda coloca\u00e7\u00e3o ficou com o Bras\u00edlia V\u00f4lei e o terceiro lugar foi obtido pelo CID Brazl\u00e2ndia.<\/p>\n<div id=\"attachment_6773\" style=\"width: 650px\" class=\"wp-caption aligncenter\"><img loading=\"lazy\" decoding=\"async\" aria-describedby=\"caption-attachment-6773\" class=\"size-large wp-image-6773\" src=\"https:\/\/www.esportesbrasilia.com.br\/noticias\/wp-content\/uploads\/IMG-20180124-WA0189-1024x768.jpg\" alt=\"Evento aconteceu no gin\u00e1sio II da Universidade Cat\u00f3lica de Bras\u00edlia - Foto: Divulga\u00e7\u00e3o\/FFDF\" width=\"640\" height=\"480\" srcset=\"https:\/\/www.esportesbrasilia.com.br\/noticias\/wp-content\/uploads\/IMG-20180124-WA0189-1024x768.jpg 1024w, https:\/\/www.esportesbrasilia.com.br\/noticias\/wp-content\/uploads\/IMG-20180124-WA0189-300x225.jpg 300w, https:\/\/www.esportesbrasilia.com.br\/noticias\/wp-content\/uploads\/IMG-20180124-WA0189-768x576.jpg 768w, https:\/\/www.esportesbrasilia.com.br\/noticias\/wp-content\/uploads\/IMG-20180124-WA0189-80x60.jpg 80w, https:\/\/www.esportesbrasilia.com.br\/noticias\/wp-content\/uploads\/IMG-20180124-WA0189-265x198.jpg 265w, https:\/\/www.esportesbrasilia.com.br\/noticias\/wp-content\/uploads\/IMG-20180124-WA0189-696x522.jpg 696w, https:\/\/www.esportesbrasilia.com.br\/noticias\/wp-content\/uploads\/IMG-20180124-WA0189-1068x801.jpg 1068w, https:\/\/www.esportesbrasilia.com.br\/noticias\/wp-content\/uploads\/IMG-20180124-WA0189-560x420.jpg 560w, https:\/\/www.esportesbrasilia.com.br\/noticias\/wp-content\/uploads\/IMG-20180124-WA0189.jpg 1152w\" sizes=\"auto, (max-width: 640px) 100vw, 640px\" \/><p id=\"caption-attachment-6773\" class=\"wp-caption-text\">Evento aconteceu no gin\u00e1sio II da Universidade Cat\u00f3lica de Bras\u00edlia &#8211; Foto: Divulga\u00e7\u00e3o\/FFDF<\/p><\/div>\n<p>O \u00faltimo fim de semana de partidas ser\u00e1 o dos dias 02 e 03 de dezembro, quando acontecer\u00e3o os jogos nas categorias Infantil Masculino e Feminino, no Gin\u00e1sio II da Universidade Cat\u00f3lica de Bras\u00edlia.<\/p>\n","protected":false},"excerpt":{"rendered":"<p>Fonte: Federa\u00e7\u00e3o de V\u00f4lei do DF A alegria e o companheirismo reinaram neste fim de semana, no Gin\u00e1sio II da Universidade Cat\u00f3lica de Bras\u00edlia, em \u00c1guas Claras. \u00c9 que aconteceu a terceira e \u00faltima etapa do Festival Paulo Pernambuco de v\u00f4lei. O evento, que mostra os novos talentos do voleibol brasiliense, foi disputado por 22 [&hellip;]<\/p>\n","protected":false},"author":1,"featured_media":6773,"comment_status":"open","ping_status":"closed","sticky":false,"template":"","format":"standard","meta":{"footnotes":""},"categories":[11],"tags":[],"class_list":["post-6772","post","type-post","status-publish","format-standard","has-post-thumbnail","hentry","category-volei"],"_links":{"self":[{"href":"https:\/\/www.esportesbrasilia.com.br\/noticias\/wp-json\/wp\/v2\/posts\/6772","targetHints":{"allow":["GET"]}}],"collection":[{"href":"https:\/\/www.esportesbrasilia.com.br\/noticias\/wp-json\/wp\/v2\/posts"}],"about":[{"href":"https:\/\/www.esportesbrasilia.com.br\/noticias\/wp-json\/wp\/v2\/types\/post"}],"author":[{"embeddable":true,"href":"https:\/\/www.esportesbrasilia.com.br\/noticias\/wp-json\/wp\/v2\/users\/1"}],"replies":[{"embeddable":true,"href":"https:\/\/www.esportesbrasilia.com.br\/noticias\/wp-json\/wp\/v2\/comments?post=6772"}],"version-history":[{"count":1,"href":"https:\/\/www.esportesbrasilia.com.br\/noticias\/wp-json\/wp\/v2\/posts\/6772\/revisions"}],"predecessor-version":[{"id":6774,"href":"https:\/\/www.esportesbrasilia.com.br\/noticias\/wp-json\/wp\/v2\/posts\/6772\/revisions\/6774"}],"wp:featuredmedia":[{"embeddable":true,"href":"https:\/\/www.esportesbrasilia.com.br\/noticias\/wp-json\/wp\/v2\/media\/6773"}],"wp:attachment":[{"href":"https:\/\/www.esportesbrasilia.com.br\/noticias\/wp-json\/wp\/v2\/media?parent=6772"}],"wp:term":[{"taxonomy":"category","embeddable":true,"href":"https:\/\/www.esportesbrasilia.com.br\/noticias\/wp-json\/wp\/v2\/categories?post=6772"},{"taxonomy":"post_tag","embeddable":true,"href":"https:\/\/www.esportesbrasilia.com.br\/noticias\/wp-json\/wp\/v2\/tags?post=6772"}],"curies":[{"name":"wp","href":"https:\/\/api.w.org\/{rel}","templated":true}]}}