{"id":6530,"date":"2018-01-03T10:50:55","date_gmt":"2018-01-03T13:50:55","guid":{"rendered":"http:\/\/www.esportesbrasilia.com.br\/noticias\/?p=6530"},"modified":"2018-01-03T10:53:40","modified_gmt":"2018-01-03T13:53:40","slug":"jogadores-do-formosa-esporte-estao-tomando-banho-de-balde-no-diogao","status":"publish","type":"post","link":"https:\/\/www.esportesbrasilia.com.br\/noticias\/futebol\/jogadores-do-formosa-esporte-estao-tomando-banho-de-balde-no-diogao.html","title":{"rendered":"Jogadores do Formosa Esporte est\u00e3o tomando banho de balde no Diog\u00e3o"},"content":{"rendered":"<p><em>Colaborou F\u00e9lix Neto<\/em><\/p>\n<p>Na \u00faltima sexta-feira (29), os funcion\u00e1rios do Formosa Esporte e servidores que trabalham no est\u00e1dio Diog\u00e3o, em Formosa, perceberam a falta de energia el\u00e9trica no local.<\/p>\n<p>Sem a energia, a \u00e1gua que chega ao\u00a0local n\u00e3o consegue subir at\u00e9 a caixa d&#8217;agua, o que impede o uso dos chuveiros nos vesti\u00e1rios. Qualquer equipamento el\u00e9trico ligado \u00e0s tomadas das cabines de r\u00e1dio, por exemplo, n\u00e3o funcionam.<\/p>\n<p>\u00c0 reportagem da\u00a0<strong>Esportes Bras\u00edlia<\/strong>,\u00a0Sombra,\u00a0mordomo do time,\u00a0contou que carregou v\u00e1rios baldes desde \u00e0s 5h30 desta quarta-feira (03) para que os atletas pudessem se higienizar e para limpeza dos vesti\u00e1rios.<\/p>\n<p>Al\u00e9m dos 28 atletas do elenco profissional que foram prejudicados, outros 30 jogadores da base formosense tamb\u00e9m foram afetados pela falta de eletricidade. Segundo\u00a0alguns atletas, que preferiram o anonimato, eles\u00a0tomaram banho de mangueira ao lado da caixa d&#8217;\u00e1gua do est\u00e1dio.<\/p>\n<div id=\"attachment_1628\" style=\"width: 650px\" class=\"wp-caption aligncenter\"><img loading=\"lazy\" decoding=\"async\" aria-describedby=\"caption-attachment-1628\" class=\"size-large wp-image-1628\" src=\"https:\/\/www.esportesbrasilia.com.br\/noticias\/wp-content\/uploads\/estadiodiogao_rafaelafelicciano_metropoles-1024x682.jpg\" alt=\"Est\u00e1dio Diog\u00e3o \u00e9 palco das partidas do Formosa Esporte no Candang\u00e3o 2018 - Foto: Rafaela Felicciano\/Metropoles\" width=\"640\" height=\"426\" srcset=\"https:\/\/www.esportesbrasilia.com.br\/noticias\/wp-content\/uploads\/estadiodiogao_rafaelafelicciano_metropoles-1024x682.jpg 1024w, https:\/\/www.esportesbrasilia.com.br\/noticias\/wp-content\/uploads\/estadiodiogao_rafaelafelicciano_metropoles-300x200.jpg 300w, https:\/\/www.esportesbrasilia.com.br\/noticias\/wp-content\/uploads\/estadiodiogao_rafaelafelicciano_metropoles-768x512.jpg 768w, https:\/\/www.esportesbrasilia.com.br\/noticias\/wp-content\/uploads\/estadiodiogao_rafaelafelicciano_metropoles-696x464.jpg 696w, https:\/\/www.esportesbrasilia.com.br\/noticias\/wp-content\/uploads\/estadiodiogao_rafaelafelicciano_metropoles-1068x712.jpg 1068w, https:\/\/www.esportesbrasilia.com.br\/noticias\/wp-content\/uploads\/estadiodiogao_rafaelafelicciano_metropoles-630x420.jpg 630w, https:\/\/www.esportesbrasilia.com.br\/noticias\/wp-content\/uploads\/estadiodiogao_rafaelafelicciano_metropoles.jpg 1280w\" sizes=\"auto, (max-width: 640px) 100vw, 640px\" \/><p id=\"caption-attachment-1628\" class=\"wp-caption-text\">Est\u00e1dio Diog\u00e3o \u00e9 palco das partidas do Formosa Esporte no Candang\u00e3o 2018 &#8211; Foto: Rafaela Felicciano\/Metropoles<\/p><\/div>\n<p>O assessor do Formosa Esporte, Henrique Botelho, disse que a diretoria est\u00e1 animada com o momento da equipe e que os atletas n\u00e3o se negaram a treinar, mesmo com as condi\u00e7\u00f5es do est\u00e1dio.<\/p>\n<p>A reportagem entrou em contato com a\u00a0Superintend\u00eancia Municipal de Esportes e Lazer, que afirmou que o problema est\u00e1 em apenas uma das fases do quadro de energia, que est\u00e1 em funcionamento. A previs\u00e3o \u00e9 de que, at\u00e9 o final da tarde desta quarta-feira o problema estar\u00e1 sanado.<\/p>\n","protected":false},"excerpt":{"rendered":"<p>Colaborou F\u00e9lix Neto Na \u00faltima sexta-feira (29), os funcion\u00e1rios do Formosa Esporte e servidores que trabalham no est\u00e1dio Diog\u00e3o, em Formosa, perceberam a falta de energia el\u00e9trica no local. Sem a energia, a \u00e1gua que chega ao\u00a0local n\u00e3o consegue subir at\u00e9 a caixa d&#8217;agua, o que impede o uso dos chuveiros nos vesti\u00e1rios. Qualquer equipamento [&hellip;]<\/p>\n","protected":false},"author":1,"featured_media":1628,"comment_status":"open","ping_status":"closed","sticky":false,"template":"","format":"standard","meta":{"footnotes":""},"categories":[8],"tags":[],"class_list":["post-6530","post","type-post","status-publish","format-standard","has-post-thumbnail","hentry","category-futebol"],"_links":{"self":[{"href":"https:\/\/www.esportesbrasilia.com.br\/noticias\/wp-json\/wp\/v2\/posts\/6530","targetHints":{"allow":["GET"]}}],"collection":[{"href":"https:\/\/www.esportesbrasilia.com.br\/noticias\/wp-json\/wp\/v2\/posts"}],"about":[{"href":"https:\/\/www.esportesbrasilia.com.br\/noticias\/wp-json\/wp\/v2\/types\/post"}],"author":[{"embeddable":true,"href":"https:\/\/www.esportesbrasilia.com.br\/noticias\/wp-json\/wp\/v2\/users\/1"}],"replies":[{"embeddable":true,"href":"https:\/\/www.esportesbrasilia.com.br\/noticias\/wp-json\/wp\/v2\/comments?post=6530"}],"version-history":[{"count":2,"href":"https:\/\/www.esportesbrasilia.com.br\/noticias\/wp-json\/wp\/v2\/posts\/6530\/revisions"}],"predecessor-version":[{"id":6532,"href":"https:\/\/www.esportesbrasilia.com.br\/noticias\/wp-json\/wp\/v2\/posts\/6530\/revisions\/6532"}],"wp:featuredmedia":[{"embeddable":true,"href":"https:\/\/www.esportesbrasilia.com.br\/noticias\/wp-json\/wp\/v2\/media\/1628"}],"wp:attachment":[{"href":"https:\/\/www.esportesbrasilia.com.br\/noticias\/wp-json\/wp\/v2\/media?parent=6530"}],"wp:term":[{"taxonomy":"category","embeddable":true,"href":"https:\/\/www.esportesbrasilia.com.br\/noticias\/wp-json\/wp\/v2\/categories?post=6530"},{"taxonomy":"post_tag","embeddable":true,"href":"https:\/\/www.esportesbrasilia.com.br\/noticias\/wp-json\/wp\/v2\/tags?post=6530"}],"curies":[{"name":"wp","href":"https:\/\/api.w.org\/{rel}","templated":true}]}}