{"id":5938,"date":"2017-09-05T23:32:37","date_gmt":"2017-09-06T02:32:37","guid":{"rendered":"http:\/\/www.esportesbrasilia.com.br\/noticias\/?p=5938"},"modified":"2017-09-06T11:34:40","modified_gmt":"2017-09-06T14:34:40","slug":"pelas-eliminatorias-brasil-empata-fora-de-casa-com-a-colombia","status":"publish","type":"post","link":"https:\/\/www.esportesbrasilia.com.br\/noticias\/futebol\/pelas-eliminatorias-brasil-empata-fora-de-casa-com-a-colombia.html","title":{"rendered":"Pelas Eliminat\u00f3rias, Brasil empata fora de casa com a Col\u00f4mbia"},"content":{"rendered":"<p><em>Com informa\u00e7\u00f5es da CBF<\/em><\/p>\n<p>Com a lideran\u00e7a das Eliminat\u00f3rias Sul-Americanas j\u00e1 garantida, a Sele\u00e7\u00e3o Brasileira voltou a campo nesta ter\u00e7a-feira (5) para duelar com a Col\u00f4mbia, vice-l\u00edder. Em Barranquilla, no Est\u00e1dio Metropolitano Roberto Mel\u00e9ndez, o duelo entre os l\u00edderes terminou empatado em 1 a 1. O gol brasileiro foi marcado pelo atacante Willian, no \u00faltimo minuto do primeiro tempo.<\/p>\n<p>Vindo de nove vit\u00f3rias e um empate nas \u00faltimas 10 rodadas, a Sele\u00e7\u00e3o Brasileira continua liderando com muita folga. S\u00e3o 37 pontos conquistados em 16 partidas. O Brasil fecha a participa\u00e7\u00e3o nas Eliminat\u00f3rias contra a Bol\u00edvia e o Chile em outubro.<\/p>\n<p><strong>O JOGO<\/strong><\/p>\n<p>Jogando em casa, a Col\u00f4mbia tentou pressionar, mas o Brasil valorizou a posse de bola e criou as principais chances do primeiro tempo. Aos tr\u00eas minutos, Paulinho apareceu como elemento surpresa e quase marcou de cabe\u00e7a.<\/p>\n<p>Aos 16, Fernandinho foi travado na hora do chute. James tentou responder aos 22 e parou nas m\u00e3os de Alisson. Aos 27 minutos, Firmino teve a principal oportunidade de abrir o placar, bateu colocado, mas Ospina evitou o gol brasileiro com as pontas dos dedos.<\/p>\n<p>Aos 32, Neymar puxou o contra-ataque, invadiu a \u00e1rea e tamb\u00e9m assustou. J\u00e1 nos acr\u00e9scimos, Willian recebeu do camisa 10 e, de primeira, acertou o \u00e2ngulo do goleiro colombiano. Um gola\u00e7o que inaugurou o marcador\u00a0em Barranquilla.<\/p>\n<p>Em vantagem, a Sele\u00e7\u00e3o Brasileira controlou as a\u00e7\u00f5es na volta do intervalo, mas foi a Col\u00f4mbia que balan\u00e7ou as redes e empatou a partida aos 10 minutos com Falcao Garc\u00eda de cabe\u00e7a.<\/p>\n<p>Com o gol, os colombianos tentaram pressionar e acertaram a trave em cobran\u00e7a de falta de James Rodr\u00edguez. O Brasil respondeu com Firmino, aos 16, mas Ospina segurou firme o cabeceio do atacante.<\/p>\n<div id=\"attachment_5939\" style=\"width: 650px\" class=\"wp-caption aligncenter\"><img loading=\"lazy\" decoding=\"async\" aria-describedby=\"caption-attachment-5939\" class=\"size-large wp-image-5939\" src=\"https:\/\/www.esportesbrasilia.com.br\/noticias\/wp-content\/uploads\/colombiaxbrasil_lucasfigueiredo_cbf-1024x683.jpg\" alt=\"Neymar bem que tentou, mas quase marcou em Barranquilla - Foto: Lucas Figueiredo\/CBF\" width=\"640\" height=\"427\" srcset=\"https:\/\/www.esportesbrasilia.com.br\/noticias\/wp-content\/uploads\/colombiaxbrasil_lucasfigueiredo_cbf-1024x683.jpg 1024w, https:\/\/www.esportesbrasilia.com.br\/noticias\/wp-content\/uploads\/colombiaxbrasil_lucasfigueiredo_cbf-300x200.jpg 300w, https:\/\/www.esportesbrasilia.com.br\/noticias\/wp-content\/uploads\/colombiaxbrasil_lucasfigueiredo_cbf-768x512.jpg 768w, https:\/\/www.esportesbrasilia.com.br\/noticias\/wp-content\/uploads\/colombiaxbrasil_lucasfigueiredo_cbf-696x464.jpg 696w, https:\/\/www.esportesbrasilia.com.br\/noticias\/wp-content\/uploads\/colombiaxbrasil_lucasfigueiredo_cbf-1068x712.jpg 1068w, https:\/\/www.esportesbrasilia.com.br\/noticias\/wp-content\/uploads\/colombiaxbrasil_lucasfigueiredo_cbf-630x420.jpg 630w\" sizes=\"auto, (max-width: 640px) 100vw, 640px\" \/><p id=\"caption-attachment-5939\" class=\"wp-caption-text\">Neymar bem que tentou, mas quase marcou em Barranquilla &#8211; Foto: Lucas Figueiredo\/CBF<\/p><\/div>\n<p>No lance seguinte, Paulinho soltou a bomba e assustou de fora da \u00e1rea. Tamb\u00e9m de longa dist\u00e2ncia, Neymar arriscou aos 33 minutos e a bola saiu \u00e0 direita. Na reta final, as equipes foram em busca da vit\u00f3ria, mas o empate persistiu at\u00e9 o fim.<\/p>\n<p>&#8220;Fiquei feliz com a maturidade da equipe e com a atua\u00e7\u00e3o linear. Contra o Equador n\u00e3o fizemos um bom primeiro tempo, o segundo sim. Hoje fomos bem durante os 90 minutos. O empate foi justo, mas se fosse para um time sair vencedor, seria o Brasil&#8221;, afirmou Tite, ap\u00f3s o jogo.<\/p>\n<p>O pr\u00f3ximo jogo do Brasil \u00e9 dia 05 de outubro, diante da Bol\u00edvia, em La Paz.<\/p>\n","protected":false},"excerpt":{"rendered":"<p>Com informa\u00e7\u00f5es da CBF Com a lideran\u00e7a das Eliminat\u00f3rias Sul-Americanas j\u00e1 garantida, a Sele\u00e7\u00e3o Brasileira voltou a campo nesta ter\u00e7a-feira (5) para duelar com a Col\u00f4mbia, vice-l\u00edder. Em Barranquilla, no Est\u00e1dio Metropolitano Roberto Mel\u00e9ndez, o duelo entre os l\u00edderes terminou empatado em 1 a 1. O gol brasileiro foi marcado pelo atacante Willian, no \u00faltimo [&hellip;]<\/p>\n","protected":false},"author":1,"featured_media":5939,"comment_status":"open","ping_status":"closed","sticky":false,"template":"","format":"standard","meta":{"footnotes":""},"categories":[8],"tags":[],"class_list":["post-5938","post","type-post","status-publish","format-standard","has-post-thumbnail","hentry","category-futebol"],"_links":{"self":[{"href":"https:\/\/www.esportesbrasilia.com.br\/noticias\/wp-json\/wp\/v2\/posts\/5938","targetHints":{"allow":["GET"]}}],"collection":[{"href":"https:\/\/www.esportesbrasilia.com.br\/noticias\/wp-json\/wp\/v2\/posts"}],"about":[{"href":"https:\/\/www.esportesbrasilia.com.br\/noticias\/wp-json\/wp\/v2\/types\/post"}],"author":[{"embeddable":true,"href":"https:\/\/www.esportesbrasilia.com.br\/noticias\/wp-json\/wp\/v2\/users\/1"}],"replies":[{"embeddable":true,"href":"https:\/\/www.esportesbrasilia.com.br\/noticias\/wp-json\/wp\/v2\/comments?post=5938"}],"version-history":[{"count":1,"href":"https:\/\/www.esportesbrasilia.com.br\/noticias\/wp-json\/wp\/v2\/posts\/5938\/revisions"}],"predecessor-version":[{"id":5940,"href":"https:\/\/www.esportesbrasilia.com.br\/noticias\/wp-json\/wp\/v2\/posts\/5938\/revisions\/5940"}],"wp:featuredmedia":[{"embeddable":true,"href":"https:\/\/www.esportesbrasilia.com.br\/noticias\/wp-json\/wp\/v2\/media\/5939"}],"wp:attachment":[{"href":"https:\/\/www.esportesbrasilia.com.br\/noticias\/wp-json\/wp\/v2\/media?parent=5938"}],"wp:term":[{"taxonomy":"category","embeddable":true,"href":"https:\/\/www.esportesbrasilia.com.br\/noticias\/wp-json\/wp\/v2\/categories?post=5938"},{"taxonomy":"post_tag","embeddable":true,"href":"https:\/\/www.esportesbrasilia.com.br\/noticias\/wp-json\/wp\/v2\/tags?post=5938"}],"curies":[{"name":"wp","href":"https:\/\/api.w.org\/{rel}","templated":true}]}}