{"id":5610,"date":"2017-06-27T19:08:52","date_gmt":"2017-06-27T22:08:52","guid":{"rendered":"http:\/\/www.esportesbrasilia.com.br\/noticias\/?p=5610"},"modified":"2017-06-27T19:41:44","modified_gmt":"2017-06-27T22:41:44","slug":"cbf-adia-inicio-da-segunda-fase-da-serie-d","status":"publish","type":"post","link":"https:\/\/www.esportesbrasilia.com.br\/noticias\/futebol\/cbf-adia-inicio-da-segunda-fase-da-serie-d.html","title":{"rendered":"CBF adia in\u00edcio da Segunda Fase da S\u00e9rie D"},"content":{"rendered":"<p class=\"p1\"><em>Fonte: Confedera\u00e7\u00e3o Brasileira de Futebol<\/em><\/p>\n<p class=\"p1\">A Diretoria de Competi\u00e7\u00f5es da CBF informa o adiamento da primeira rodada da Segunda Fase do Campeonato Brasileiro da S\u00e9rie D para o pr\u00f3ximo dia 9 de julho.<\/p>\n<p class=\"p1\">Enquanto aguarda o julgamento de suposta irregularidade do atleta Leandro, do S\u00e3o Raimundo\/PA, que teria jogado de maneira irregular, marcado para a pr\u00f3xima sexta-feira, dia 30 de julho, a CBF tornou sem efeito a tabela publicada nesta segunda-feira (26).<\/p>\n<p class=\"p1\">A nova tabela com as novas datas e confrontos ser\u00e1 publicada ap\u00f3s o resultado do julgamento, que poder\u00e1 impactar em classificados e duelos da competi\u00e7\u00e3o. As partidas de volta ficam marcadas para o dia 16 de julho.<\/p>\n","protected":false},"excerpt":{"rendered":"<p>Fonte: Confedera\u00e7\u00e3o Brasileira de Futebol A Diretoria de Competi\u00e7\u00f5es da CBF informa o adiamento da primeira rodada da Segunda Fase do Campeonato Brasileiro da S\u00e9rie D para o pr\u00f3ximo dia 9 de julho. Enquanto aguarda o julgamento de suposta irregularidade do atleta Leandro, do S\u00e3o Raimundo\/PA, que teria jogado de maneira irregular, marcado para a [&hellip;]<\/p>\n","protected":false},"author":1,"featured_media":5124,"comment_status":"open","ping_status":"closed","sticky":false,"template":"","format":"standard","meta":{"footnotes":""},"categories":[8],"tags":[],"class_list":["post-5610","post","type-post","status-publish","format-standard","has-post-thumbnail","hentry","category-futebol"],"_links":{"self":[{"href":"https:\/\/www.esportesbrasilia.com.br\/noticias\/wp-json\/wp\/v2\/posts\/5610","targetHints":{"allow":["GET"]}}],"collection":[{"href":"https:\/\/www.esportesbrasilia.com.br\/noticias\/wp-json\/wp\/v2\/posts"}],"about":[{"href":"https:\/\/www.esportesbrasilia.com.br\/noticias\/wp-json\/wp\/v2\/types\/post"}],"author":[{"embeddable":true,"href":"https:\/\/www.esportesbrasilia.com.br\/noticias\/wp-json\/wp\/v2\/users\/1"}],"replies":[{"embeddable":true,"href":"https:\/\/www.esportesbrasilia.com.br\/noticias\/wp-json\/wp\/v2\/comments?post=5610"}],"version-history":[{"count":3,"href":"https:\/\/www.esportesbrasilia.com.br\/noticias\/wp-json\/wp\/v2\/posts\/5610\/revisions"}],"predecessor-version":[{"id":5613,"href":"https:\/\/www.esportesbrasilia.com.br\/noticias\/wp-json\/wp\/v2\/posts\/5610\/revisions\/5613"}],"wp:featuredmedia":[{"embeddable":true,"href":"https:\/\/www.esportesbrasilia.com.br\/noticias\/wp-json\/wp\/v2\/media\/5124"}],"wp:attachment":[{"href":"https:\/\/www.esportesbrasilia.com.br\/noticias\/wp-json\/wp\/v2\/media?parent=5610"}],"wp:term":[{"taxonomy":"category","embeddable":true,"href":"https:\/\/www.esportesbrasilia.com.br\/noticias\/wp-json\/wp\/v2\/categories?post=5610"},{"taxonomy":"post_tag","embeddable":true,"href":"https:\/\/www.esportesbrasilia.com.br\/noticias\/wp-json\/wp\/v2\/tags?post=5610"}],"curies":[{"name":"wp","href":"https:\/\/api.w.org\/{rel}","templated":true}]}}