{"id":561,"date":"2016-01-28T12:43:54","date_gmt":"2016-01-28T14:43:54","guid":{"rendered":"http:\/\/www.esportesbrasilia.com.br\/noticias\/?p=561"},"modified":"2016-01-30T01:45:21","modified_gmt":"2016-01-30T03:45:21","slug":"tres-estadios-estao-liberados-para-o-inicio-do-candangao","status":"publish","type":"post","link":"https:\/\/www.esportesbrasilia.com.br\/noticias\/futebol\/tres-estadios-estao-liberados-para-o-inicio-do-candangao.html","title":{"rendered":"Tr\u00eas est\u00e1dios est\u00e3o liberados para o in\u00edcio do Candang\u00e3o"},"content":{"rendered":"<p><em>Fonte: Ag\u00eancia Bras\u00edlia<\/em><\/p>\n<p>Tr\u00eas dos cinco est\u00e1dios do Distrito Federal previstos para a disputa do 41\u00ba Campeonato Brasiliense de Futebol est\u00e3o liberados para jogos e p\u00fablico a partir do fim de semana. O Augustinho Lima, em Sobradinho, o Maria de Lourdes Abadia (Abadi\u00e3o), em Ceil\u00e2ndia, e o Walmir Campelo Bezerra (Bezerr\u00e3o), no Gama, receberam os laudos t\u00e9cnicos que permitem a realiza\u00e7\u00e3o das partidas e a abertura dos port\u00f5es para a torcida. Nesta semana, os espa\u00e7os passaram por inspe\u00e7\u00e3o do Corpo de Bombeiros Militar, da Pol\u00edcia Militar, da Subsecretaria de Prote\u00e7\u00e3o e Defesa Civil, vinculada \u00e0 Secretaria da Seguran\u00e7a P\u00fablica e da Paz Social, e da Vigil\u00e2ncia Sanit\u00e1ria.<\/p>\n<p>Desde setembro do ano passado, as arenas passam por reparos necess\u00e1rios ao funcionamento. Durante a disputa da segunda divis\u00e3o do futebol local, em setembro e outubro de 2015, o Augustinho Lima e o Abadi\u00e3o ficaram interditados para o torcedor por medida de seguran\u00e7a.<\/p>\n<p>A Vice-Governadoria acompanha as reformas e as inspe\u00e7\u00f5es nos espa\u00e7os esportivos. De acordo com o assessor Marcelo Cruz, respons\u00e1vel direto pelos trabalhos nos est\u00e1dios, os laudos t\u00eam prazos diversos de vencimento e, por esse motivo, eventualmente faltava a avalia\u00e7\u00e3o de algum \u00f3rg\u00e3o.<\/p>\n<p><strong>For\u00e7a-tarefa<br \/>\n<\/strong>Cruz ressalta que houve uma for\u00e7a-tarefa para entregar as reformas antes do in\u00edcio do campeonato. \u201cContamos com o apoio do SLU [Servi\u00e7o de Limpeza Urbana], da Novacap [Companhia Urbanizadora da Nova Capital do Brasil] e com a articula\u00e7\u00e3o dos administradores regionais e dos dirigentes dos clubes com os empres\u00e1rios locais\u201d, conta. Segundo ele, essa parceria garantiu que as reformas n\u00e3o afetassem os cofres p\u00fablicos.<\/p>\n<p>Os ajustes dizem respeito a pintura, limpeza e conserva\u00e7\u00e3o, retirada de entulho, adequa\u00e7\u00e3o de corrim\u00e3os, acessibilidade, reparos el\u00e9tricos e hidr\u00e1ulicos e adapta\u00e7\u00e3o de equipamentos de seguran\u00e7a e de combate a inc\u00eandio.<\/p>\n<p>No Augustinho Lima, uma das exig\u00eancias era a ativa\u00e7\u00e3o do para-raios. Segundo a administra\u00e7\u00e3o regional de Sobradinho, o equipamento estava \u00e0 disposi\u00e7\u00e3o, mas foi necess\u00e1ria uma parceria com o Sobradinho Esporte Clube, que trouxe um engenheiro para fazer os ajustes e religar o dispositivo.<\/p>\n<p>O Elmo Serejo Farias (Serej\u00e3o), em Taguatinga, n\u00e3o est\u00e1 na primeira rodada do Campeonato Brasiliense, mas h\u00e1 a previs\u00e3o de uso do campo. O est\u00e1dio tem cerca de 40% da reforma conclu\u00edda. \u201cA partir da pr\u00f3xima semana, vamos concentrar nossas aten\u00e7\u00f5es nesse local\u201d, afirma o assessor da Vice-Governadoria.<\/p>\n<p><strong>Man\u00e9 Garrincha<br \/>\n<\/strong>O Est\u00e1dio Nacional de Bras\u00edlia Man\u00e9 Garrincha ainda n\u00e3o est\u00e1 dispon\u00edvel para receber as partidas, pois passa por replantio de 10% do gramado. De acordo com a Secretaria-Adjunta de Turismo, da Secretaria de Economia, Desenvolvimento Sustent\u00e1vel e Turismo, a arena tem caracter\u00edsticas de sombreamento particulares. O campo tem combina\u00e7\u00e3o entre gramas de ver\u00e3o e de inverno. O plantio da grama de ver\u00e3o est\u00e1 em execu\u00e7\u00e3o. O est\u00e1dio deve ficar liberado a partir de 5 de fevereiro.<\/p>\n<p><strong>Onde jogar<br \/>\n<\/strong>A Federa\u00e7\u00e3o de Futebol do Distrito Federal destaca que fica a crit\u00e9rio do time mandante escolher onde jogar, mas \u00e9 preciso definir a tabela com pelo menos 72 horas de anteced\u00eancia. De acordo com o diretor Neimar Frota, a cobran\u00e7a, os valores e os pontos de vendas dos ingressos s\u00e3o de responsabilidade do mandante da partida.<\/p>\n<p>Al\u00e9m desses, a FFDF conta com est\u00e1dios fora do DF: o Diogo Francisco Gomes (Diog\u00e3o), em Formosa (GO); o Zequinha Roriz (Serra do Lago), em Luzi\u00e2nia (GO); e o Frei Norberto, em Paracatu (MG).<\/p>\n<p>De acordo com a tabela da competi\u00e7\u00e3o, 12 equipes disputam o t\u00edtulo e a premia\u00e7\u00e3o de R$ 150 mil\u00a0oferecida pela federa\u00e7\u00e3o. O campe\u00e3o garante vaga para as duas pr\u00f3ximas edi\u00e7\u00f5es da S\u00e9rie D do Campeonato Brasileiro. A Confedera\u00e7\u00e3o Brasileira de Futebol ainda n\u00e3o confirmou a quantidade de vagas, mas o torneio local tamb\u00e9m d\u00e1 direito \u00e0 participa\u00e7\u00e3o na Copa do Brasil e na Copa Verde do ano que vem.<\/p>\n<p><strong>Campeonato Brasiliense de Futebol<\/strong><\/p>\n<p>1\u00aa Rodada<\/p>\n<p><strong>S\u00e1bado, 30 de janeiro<\/strong><\/p>\n<p>Sobradinho x Formosa<br \/>\n\u00c0s 16 horas \u2013\u00a0No Augustinho Lima<\/p>\n<p>Ceil\u00e2ndia x Cruzeiro<br \/>\n\u00c0s 16 horas \u2013\u00a0No Abadi\u00e3o<\/p>\n<p>Bras\u00edlia x Atl\u00e9tico Taguatinga<br \/>\n\u00c0s 16 horas \u2013\u00a0No Serra do Lago<\/p>\n<p><strong>Domingo, 31 de janeiro<\/strong><\/p>\n<p>Luzi\u00e2nia x Paracatu<br \/>\n\u00c0s 16 horas \u2013\u00a0No Serra do Lago<\/p>\n<p>Brasiliense x Santa Maria<br \/>\n\u00c0s 16 horas \u2013\u00a0No Abadi\u00e3o<\/p>\n<p>Gama x Planaltina-GO<br \/>\n\u00c0s 16 horas \u2013\u00a0No Bezerr\u00e3o<\/p>\n","protected":false},"excerpt":{"rendered":"<p>Fonte: Ag\u00eancia Bras\u00edlia Tr\u00eas dos cinco est\u00e1dios do Distrito Federal previstos para a disputa do 41\u00ba Campeonato Brasiliense de Futebol est\u00e3o liberados para jogos e p\u00fablico a partir do fim de semana. O Augustinho Lima, em Sobradinho, o Maria de Lourdes Abadia (Abadi\u00e3o), em Ceil\u00e2ndia, e o Walmir Campelo Bezerra (Bezerr\u00e3o), no Gama, receberam os [&hellip;]<\/p>\n","protected":false},"author":1,"featured_media":562,"comment_status":"open","ping_status":"closed","sticky":false,"template":"","format":"standard","meta":{"footnotes":""},"categories":[8],"tags":[],"class_list":["post-561","post","type-post","status-publish","format-standard","has-post-thumbnail","hentry","category-futebol"],"_links":{"self":[{"href":"https:\/\/www.esportesbrasilia.com.br\/noticias\/wp-json\/wp\/v2\/posts\/561","targetHints":{"allow":["GET"]}}],"collection":[{"href":"https:\/\/www.esportesbrasilia.com.br\/noticias\/wp-json\/wp\/v2\/posts"}],"about":[{"href":"https:\/\/www.esportesbrasilia.com.br\/noticias\/wp-json\/wp\/v2\/types\/post"}],"author":[{"embeddable":true,"href":"https:\/\/www.esportesbrasilia.com.br\/noticias\/wp-json\/wp\/v2\/users\/1"}],"replies":[{"embeddable":true,"href":"https:\/\/www.esportesbrasilia.com.br\/noticias\/wp-json\/wp\/v2\/comments?post=561"}],"version-history":[{"count":1,"href":"https:\/\/www.esportesbrasilia.com.br\/noticias\/wp-json\/wp\/v2\/posts\/561\/revisions"}],"predecessor-version":[{"id":563,"href":"https:\/\/www.esportesbrasilia.com.br\/noticias\/wp-json\/wp\/v2\/posts\/561\/revisions\/563"}],"wp:featuredmedia":[{"embeddable":true,"href":"https:\/\/www.esportesbrasilia.com.br\/noticias\/wp-json\/wp\/v2\/media\/562"}],"wp:attachment":[{"href":"https:\/\/www.esportesbrasilia.com.br\/noticias\/wp-json\/wp\/v2\/media?parent=561"}],"wp:term":[{"taxonomy":"category","embeddable":true,"href":"https:\/\/www.esportesbrasilia.com.br\/noticias\/wp-json\/wp\/v2\/categories?post=561"},{"taxonomy":"post_tag","embeddable":true,"href":"https:\/\/www.esportesbrasilia.com.br\/noticias\/wp-json\/wp\/v2\/tags?post=561"}],"curies":[{"name":"wp","href":"https:\/\/api.w.org\/{rel}","templated":true}]}}