{"id":5537,"date":"2017-06-22T18:22:16","date_gmt":"2017-06-22T21:22:16","guid":{"rendered":"http:\/\/www.esportesbrasilia.com.br\/noticias\/?p=5537"},"modified":"2017-06-22T18:22:16","modified_gmt":"2017-06-22T21:22:16","slug":"ronaldo-fenomeno-inaugura-academia-de-futebol-em-brasilia","status":"publish","type":"post","link":"https:\/\/www.esportesbrasilia.com.br\/noticias\/futebol\/ronaldo-fenomeno-inaugura-academia-de-futebol-em-brasilia.html","title":{"rendered":"Ronaldo Fen\u00f4meno inaugura academia de futebol em Bras\u00edlia"},"content":{"rendered":"<p>Fonte: BeChange<\/p>\n<p>Bras\u00edlia ganhar\u00e1 uma unidade da Ronaldo Academy. Planaltina foi a cidade sat\u00e9lite escolhida e receber\u00e1 a primeira sede do empreendimento no DF. O artilheiro da Sele\u00e7\u00e3o Brasileira em Copas do Mundo \u00e9 o s\u00f3cio principal da rede a inaugura\u00e7\u00e3o do local est\u00e1 marcada para o pr\u00f3ximo dia 24 de junho. Neste dia, uma seletiva poder\u00e1 conceder bolsas de 50% a 100% a jovens carentes. Crian\u00e7as entre 4 e 18 anos podem se matricular e aproveitar a metodologia de trabalho diferenciada.<\/p>\n<p>Com \u00e1rea de cerca de 20.000 m\u00b2 e cinco campos, a Ronaldo Academy Planaltina vai funcionar no Centro Esportivo Vale do Sol, localizado na DF-130, no condom\u00ednio Vale do Sol, no Vale do Amanhecer, atr\u00e1s do Posto Ipiranga (antigo Texaco). As aulas ocorrer\u00e3o das 8h \u00e0s 18h, de segunda a s\u00e1bado. A inscri\u00e7\u00e3o custa R$ 349,00 por aluno (kit com uniforme e mochila oficial da R9) com plano mensal de R$ 149, semestral de R$ 129,00 e anual de R$ 109,00 (2x semana).<\/p>\n<p>A academia n\u00e3o foca apenas no desempenho esportivo, mas tamb\u00e9m na educa\u00e7\u00e3o dos alunos. O local foi pensado com o grande objetivo de utilizar a pr\u00e1tica do futebol para o desenvolvimento, forma\u00e7\u00e3o e educa\u00e7\u00e3o de crian\u00e7as e jovens, dentro e fora do campo. <\/p>\n<p>As academias contam com ex-jogadores de futebol e profissionais de educa\u00e7\u00e3o f\u00edsica, que atuam como professores e franqueados, al\u00e9m de coordenador metodol\u00f3gico para disseminar a metodologia e conferir a aplica\u00e7\u00e3o. Como a\u00e7\u00e3o social, a Ronaldo Academy Planaltina ter\u00e1 20% de suas vagas destinadas a alunos carentes.<\/p>\n","protected":false},"excerpt":{"rendered":"<p>Fonte: BeChange Bras\u00edlia ganhar\u00e1 uma unidade da Ronaldo Academy. Planaltina foi a cidade sat\u00e9lite escolhida e receber\u00e1 a primeira sede do empreendimento no DF. O artilheiro da Sele\u00e7\u00e3o Brasileira em Copas do Mundo \u00e9 o s\u00f3cio principal da rede a inaugura\u00e7\u00e3o do local est\u00e1 marcada para o pr\u00f3ximo dia 24 de junho. Neste dia, uma [&hellip;]<\/p>\n","protected":false},"author":1,"featured_media":5538,"comment_status":"open","ping_status":"closed","sticky":false,"template":"","format":"standard","meta":{"footnotes":""},"categories":[8],"tags":[],"class_list":["post-5537","post","type-post","status-publish","format-standard","has-post-thumbnail","hentry","category-futebol"],"_links":{"self":[{"href":"https:\/\/www.esportesbrasilia.com.br\/noticias\/wp-json\/wp\/v2\/posts\/5537","targetHints":{"allow":["GET"]}}],"collection":[{"href":"https:\/\/www.esportesbrasilia.com.br\/noticias\/wp-json\/wp\/v2\/posts"}],"about":[{"href":"https:\/\/www.esportesbrasilia.com.br\/noticias\/wp-json\/wp\/v2\/types\/post"}],"author":[{"embeddable":true,"href":"https:\/\/www.esportesbrasilia.com.br\/noticias\/wp-json\/wp\/v2\/users\/1"}],"replies":[{"embeddable":true,"href":"https:\/\/www.esportesbrasilia.com.br\/noticias\/wp-json\/wp\/v2\/comments?post=5537"}],"version-history":[{"count":1,"href":"https:\/\/www.esportesbrasilia.com.br\/noticias\/wp-json\/wp\/v2\/posts\/5537\/revisions"}],"predecessor-version":[{"id":5539,"href":"https:\/\/www.esportesbrasilia.com.br\/noticias\/wp-json\/wp\/v2\/posts\/5537\/revisions\/5539"}],"wp:featuredmedia":[{"embeddable":true,"href":"https:\/\/www.esportesbrasilia.com.br\/noticias\/wp-json\/wp\/v2\/media\/5538"}],"wp:attachment":[{"href":"https:\/\/www.esportesbrasilia.com.br\/noticias\/wp-json\/wp\/v2\/media?parent=5537"}],"wp:term":[{"taxonomy":"category","embeddable":true,"href":"https:\/\/www.esportesbrasilia.com.br\/noticias\/wp-json\/wp\/v2\/categories?post=5537"},{"taxonomy":"post_tag","embeddable":true,"href":"https:\/\/www.esportesbrasilia.com.br\/noticias\/wp-json\/wp\/v2\/tags?post=5537"}],"curies":[{"name":"wp","href":"https:\/\/api.w.org\/{rel}","templated":true}]}}