{"id":489,"date":"2016-01-04T14:42:37","date_gmt":"2016-01-04T16:42:37","guid":{"rendered":"http:\/\/www.esportesbrasilia.com.br\/noticias\/?p=489"},"modified":"2016-01-27T18:48:15","modified_gmt":"2016-01-27T20:48:15","slug":"gama-repatria-idolo-brasiliense-leva-avante-e-planaltina-quer-dodo","status":"publish","type":"post","link":"https:\/\/www.esportesbrasilia.com.br\/noticias\/futebol\/gama-repatria-idolo-brasiliense-leva-avante-e-planaltina-quer-dodo.html","title":{"rendered":"Gama repatria \u00eddolo, Brasiliense leva avante e Planaltina quer Dod\u00f4"},"content":{"rendered":"<p>A eterna disputa entre Gama e Brasilense continua. O time que era de Taguatinga tentou contratar o volante Tiago Ga\u00facho, \u00eddolo gamense. J\u00e1 o atacante La\u00e9cio foi anunciado pelo Gama, mas o Brasiliense levou\u00a0o atacante para o est\u00e1dio Abadi\u00e3o, a nova casa amarela. O Planaltina\/GO sonha com o intermin\u00e1vel Dod\u00f4. O campeonato come\u00e7a dia 30 de janeiro e a movimenta\u00e7\u00e3o continua.<\/p>\n<p>Para a alegria do torcedor do Gama, a diretoria do clube atual campe\u00e3o candango anunciou o retorno do volante Tiago Ga\u00facho. O atleta participou da campanha do t\u00edtulo do Distrito Federal deste ano que passou, mas n\u00e3o esteve na campanha na s\u00e9rie D do brasileiro.<\/p>\n<p>Tiago Ga\u00facho chegou a ser procurado pelo arquirrival Brasiliense, mas n\u00e3o houve acordo. J\u00e1 o goleiro Marcelo Valverde deixou o Gama e seguiu para o futebol do Amazonas. Atuar\u00e1 no Nacional de Manaus, comandado por Heriberto da Cunha. O zagueiro Jo\u00e3o Paulo e o meia Marlon chegaram ao clube gamense.<\/p>\n<p>J\u00e1 Laecio foi confirmado no Jacar\u00e9 e se apresentou nesta segunda-feira (04). Quem tamb\u00e9m desembarcou nas terras ceilandenses foi o atacante Thiago Miracema, que vestiu a camisa do Gama na temporada passada. A equipe ser\u00e1 comandada pelo veterano t\u00e9cnico Everton Goiano, que estava no Treze\/PB.<\/p>\n<p>Pelos lados mineiros, o\u00a0Paracatu confirmou a chegada do t\u00e9cnico Gauchinho, mas o atacante Carlinhos Bala e o goleiro Bruno, ex-Flamengo, n\u00e3o acertaram a vinda para o verd\u00e3o mineiro.<\/p>\n<p>O Sobradinho confirmou o t\u00e9cnico para a temporada 2016. Ser\u00e1 \u00c9lio Junior, que atualmente treina a equipe de juniores que disputa a Copa S\u00e3o Paulo de Futebol Junior. Ap\u00f3s a Copinha, elenco e comiss\u00e3o t\u00e9cnica se integram com outros refor\u00e7os ao time profissional.<\/p>\n<p>J\u00e1 o Planaltina\/GO pode anunciar o atacante dos gols bonitos, o intermin\u00e1vel Dod\u00f4. O Taguatinga ainda n\u00e3o confirmou o\u00a0treinado\u00a0para este ano e realiza peneiras para selecionar atletas.<\/p>\n<p>OS T\u00c9CNICOS DO CANDANG\u00c3O 2016:<\/p>\n<p>\u00b7 BRAS\u00cdLIA: Omar Feitosa;<br \/>\n\u00b7 BRASILIENSE: \u00c9verton Goiano;<br \/>\n\u00b7 CEIL\u00c2NDIA: Adelson de Almeida;<br \/>\n\u00b7 CRUZEIRO: Jos\u00e9 Lopes Risada;<br \/>\n\u00b7 FORMOSA: Marquinhos Bahia;<br \/>\n\u00b7 GAMA: Amedeo Mangone;<br \/>\n\u00b7 LUZI\u00c2NIA: Ricardo Antonio;<br \/>\n\u00b7 PARACATU: Gauchinho;<br \/>\n\u00b7 PLANALTINA\/GO: Jorge Medina;<br \/>\n\u00b7 SANTA MARIA: Christian Ramos;<br \/>\n\u00b7 SOBRADINHO: \u00c9lio Junior<br \/>\n\u00b7 TAGUATINGA: Ainda n\u00e3o anunciou treinador<\/p>\n","protected":false},"excerpt":{"rendered":"<p>A eterna disputa entre Gama e Brasilense continua. O time que era de Taguatinga tentou contratar o volante Tiago Ga\u00facho, \u00eddolo gamense. J\u00e1 o atacante La\u00e9cio foi anunciado pelo Gama, mas o Brasiliense levou\u00a0o atacante para o est\u00e1dio Abadi\u00e3o, a nova casa amarela. O Planaltina\/GO sonha com o intermin\u00e1vel Dod\u00f4. O campeonato come\u00e7a dia 30 [&hellip;]<\/p>\n","protected":false},"author":7,"featured_media":18,"comment_status":"open","ping_status":"open","sticky":false,"template":"","format":"standard","meta":{"footnotes":""},"categories":[8],"tags":[],"class_list":["post-489","post","type-post","status-publish","format-standard","has-post-thumbnail","hentry","category-futebol"],"_links":{"self":[{"href":"https:\/\/www.esportesbrasilia.com.br\/noticias\/wp-json\/wp\/v2\/posts\/489","targetHints":{"allow":["GET"]}}],"collection":[{"href":"https:\/\/www.esportesbrasilia.com.br\/noticias\/wp-json\/wp\/v2\/posts"}],"about":[{"href":"https:\/\/www.esportesbrasilia.com.br\/noticias\/wp-json\/wp\/v2\/types\/post"}],"author":[{"embeddable":true,"href":"https:\/\/www.esportesbrasilia.com.br\/noticias\/wp-json\/wp\/v2\/users\/7"}],"replies":[{"embeddable":true,"href":"https:\/\/www.esportesbrasilia.com.br\/noticias\/wp-json\/wp\/v2\/comments?post=489"}],"version-history":[{"count":1,"href":"https:\/\/www.esportesbrasilia.com.br\/noticias\/wp-json\/wp\/v2\/posts\/489\/revisions"}],"predecessor-version":[{"id":490,"href":"https:\/\/www.esportesbrasilia.com.br\/noticias\/wp-json\/wp\/v2\/posts\/489\/revisions\/490"}],"wp:featuredmedia":[{"embeddable":true,"href":"https:\/\/www.esportesbrasilia.com.br\/noticias\/wp-json\/wp\/v2\/media\/18"}],"wp:attachment":[{"href":"https:\/\/www.esportesbrasilia.com.br\/noticias\/wp-json\/wp\/v2\/media?parent=489"}],"wp:term":[{"taxonomy":"category","embeddable":true,"href":"https:\/\/www.esportesbrasilia.com.br\/noticias\/wp-json\/wp\/v2\/categories?post=489"},{"taxonomy":"post_tag","embeddable":true,"href":"https:\/\/www.esportesbrasilia.com.br\/noticias\/wp-json\/wp\/v2\/tags?post=489"}],"curies":[{"name":"wp","href":"https:\/\/api.w.org\/{rel}","templated":true}]}}