{"id":478,"date":"2016-01-27T18:39:18","date_gmt":"2016-01-27T20:39:18","guid":{"rendered":"http:\/\/www.esportesbrasilia.com.br\/noticias\/?p=478"},"modified":"2016-01-27T18:39:18","modified_gmt":"2016-01-27T20:39:18","slug":"uniceubbrasilia-e-bauru-basket-vao-disputar-copa-dos-campeoes-das-americas-neste-domingo","status":"publish","type":"post","link":"https:\/\/www.esportesbrasilia.com.br\/noticias\/basquete\/uniceubbrasilia-e-bauru-basket-vao-disputar-copa-dos-campeoes-das-americas-neste-domingo.html","title":{"rendered":"UniCEUB\/Bras\u00edlia e Bauru Basket v\u00e3o disputar Copa dos Campe\u00f5es das Am\u00e9ricas neste domingo"},"content":{"rendered":"<p><em>Fonte: Liga Nacional de Basquete<\/em><\/p>\n<p>Assim como o que foi feito na \u00faltima temporada, a Liga Nacional de Basquete (LNB) premiar\u00e1 o vencedor da Copa dos Campe\u00f5es das Am\u00e9ricas, duelo que envolve os atuais campe\u00f5es da Liga das Am\u00e9ricas e Liga Sul-Americana. Desta vez o confronto especial envolve Paschoalotto\/Bauru e UniCEUB\/Cart\u00e3o BRB\/Bras\u00edlia.<\/p>\n<p>No duelo do primeiro turno, o Bauru venceu por tr\u00eas pontos (114 a 111) e pode ficar com o trof\u00e9u at\u00e9 mesmo com uma derrota por at\u00e9 dois pontos de diferen\u00e7a no jogo decisivo, que acontecer\u00e1 neste domingo (31\/01), \u00e0s 18 horas (de Bras\u00edlia), no Gin\u00e1sio Panela de Press\u00e3o, com transmiss\u00e3o ao vivo do #NBBnaWeb.<\/p>\n<p>Donos dos t\u00edtulos da Liga Sul-Americana e da Liga das Am\u00e9ricas, respectivamente, bauruenses e candangos decidir\u00e3o o trof\u00e9u da segunda edi\u00e7\u00e3o da Copa dos Campe\u00f5es das Am\u00e9ricas e os paulistas lutam pelo bicampeonato. A premia\u00e7\u00e3o criada pela Liga Nacional de Basquete (LNB) no \u00faltimo ano teve o pr\u00f3prio Paschoalotto\/Bauru, ent\u00e3o campe\u00e3o sul-americano, como seu primeiro vencedor.<\/p>\n<p>Como forma de homenagear a um dos maiores nomes do basquete brasileiro, a Liga Nacional de Basquete (LNB) decidiu nomear o trof\u00e9u da Copa dos Campe\u00f5es das Am\u00e9ricas de \u201cTrof\u00e9u Cl\u00e1udio Mortari\u201d. O ex-treinador estar\u00e1 no Gin\u00e1sio Panela de Press\u00e3o neste domingo e ser\u00e1 o respons\u00e1vel por entregar o pr\u00eamio ao time vencedor.<\/p>\n","protected":false},"excerpt":{"rendered":"<p>Fonte: Liga Nacional de Basquete Assim como o que foi feito na \u00faltima temporada, a Liga Nacional de Basquete (LNB) premiar\u00e1 o vencedor da Copa dos Campe\u00f5es das Am\u00e9ricas, duelo que envolve os atuais campe\u00f5es da Liga das Am\u00e9ricas e Liga Sul-Americana. Desta vez o confronto especial envolve Paschoalotto\/Bauru e UniCEUB\/Cart\u00e3o BRB\/Bras\u00edlia. No duelo do [&hellip;]<\/p>\n","protected":false},"author":1,"featured_media":437,"comment_status":"open","ping_status":"open","sticky":false,"template":"","format":"standard","meta":{"footnotes":""},"categories":[12],"tags":[],"class_list":["post-478","post","type-post","status-publish","format-standard","has-post-thumbnail","hentry","category-basquete"],"_links":{"self":[{"href":"https:\/\/www.esportesbrasilia.com.br\/noticias\/wp-json\/wp\/v2\/posts\/478","targetHints":{"allow":["GET"]}}],"collection":[{"href":"https:\/\/www.esportesbrasilia.com.br\/noticias\/wp-json\/wp\/v2\/posts"}],"about":[{"href":"https:\/\/www.esportesbrasilia.com.br\/noticias\/wp-json\/wp\/v2\/types\/post"}],"author":[{"embeddable":true,"href":"https:\/\/www.esportesbrasilia.com.br\/noticias\/wp-json\/wp\/v2\/users\/1"}],"replies":[{"embeddable":true,"href":"https:\/\/www.esportesbrasilia.com.br\/noticias\/wp-json\/wp\/v2\/comments?post=478"}],"version-history":[{"count":1,"href":"https:\/\/www.esportesbrasilia.com.br\/noticias\/wp-json\/wp\/v2\/posts\/478\/revisions"}],"predecessor-version":[{"id":479,"href":"https:\/\/www.esportesbrasilia.com.br\/noticias\/wp-json\/wp\/v2\/posts\/478\/revisions\/479"}],"wp:featuredmedia":[{"embeddable":true,"href":"https:\/\/www.esportesbrasilia.com.br\/noticias\/wp-json\/wp\/v2\/media\/437"}],"wp:attachment":[{"href":"https:\/\/www.esportesbrasilia.com.br\/noticias\/wp-json\/wp\/v2\/media?parent=478"}],"wp:term":[{"taxonomy":"category","embeddable":true,"href":"https:\/\/www.esportesbrasilia.com.br\/noticias\/wp-json\/wp\/v2\/categories?post=478"},{"taxonomy":"post_tag","embeddable":true,"href":"https:\/\/www.esportesbrasilia.com.br\/noticias\/wp-json\/wp\/v2\/tags?post=478"}],"curies":[{"name":"wp","href":"https:\/\/api.w.org\/{rel}","templated":true}]}}