{"id":4566,"date":"2017-03-03T11:26:37","date_gmt":"2017-03-03T14:26:37","guid":{"rendered":"http:\/\/www.esportesbrasilia.com.br\/noticias\/?p=4566"},"modified":"2017-03-04T22:10:05","modified_gmt":"2017-03-05T01:10:05","slug":"tite-convoca-selecao-brasileira-para-eliminatorias-da-copa-do-mundo","status":"publish","type":"post","link":"https:\/\/www.esportesbrasilia.com.br\/noticias\/futebol\/tite-convoca-selecao-brasileira-para-eliminatorias-da-copa-do-mundo.html","title":{"rendered":"Tite convoca sele\u00e7\u00e3o brasileira para Eliminat\u00f3rias da Copa do Mundo"},"content":{"rendered":"<p><em>Fonte: Confedera\u00e7\u00e3o Brasileira de Futebol<\/em><\/p>\n<p>Com direito a apresenta\u00e7\u00e3o do novo avi\u00e3o da Sele\u00e7\u00e3o Brasileira, o t\u00e9cnico Tite convocou a equipe para os dois pr\u00f3ximos compromissos v\u00e1lidos pelas Eliminat\u00f3rias da Copa do Mundo da R\u00fassia 2018.<\/p>\n<p>Nesta sexta-feira, em S\u00e3o Paulo,\u00a0Tite chamou 23 jogadores para os jogos contra Uruguai e Paraguai. L\u00edder das Eliminat\u00f3rias da Am\u00e9rica do Sul, o Brasil enfrenta os uruguaios no dia 23 de mar\u00e7o, em Montevid\u00e9u, e os paraguaios no dia 28 de mar\u00e7o, em S\u00e3o Paulo.<\/p>\n<div id=\"attachment_4567\" style=\"width: 984px\" class=\"wp-caption aligncenter\"><img loading=\"lazy\" decoding=\"async\" aria-describedby=\"caption-attachment-4567\" class=\"size-full wp-image-4567\" src=\"https:\/\/www.esportesbrasilia.com.br\/noticias\/wp-content\/uploads\/tite_edugaspar_pedromartins_mowapress.jpeg\" alt=\"Tite e Edu Gaspar convocaram sele\u00e7\u00e3o brasileira no Aeroporto de Congonhas, em S\u00e3o Paulo. Partidas acontecem dias 23 e 28 de mar\u00e7o - Foto: Pedro Martins\/MowaPress\" width=\"974\" height=\"546\" srcset=\"https:\/\/www.esportesbrasilia.com.br\/noticias\/wp-content\/uploads\/tite_edugaspar_pedromartins_mowapress.jpeg 974w, https:\/\/www.esportesbrasilia.com.br\/noticias\/wp-content\/uploads\/tite_edugaspar_pedromartins_mowapress-300x168.jpeg 300w, https:\/\/www.esportesbrasilia.com.br\/noticias\/wp-content\/uploads\/tite_edugaspar_pedromartins_mowapress-768x431.jpeg 768w, https:\/\/www.esportesbrasilia.com.br\/noticias\/wp-content\/uploads\/tite_edugaspar_pedromartins_mowapress-696x390.jpeg 696w, https:\/\/www.esportesbrasilia.com.br\/noticias\/wp-content\/uploads\/tite_edugaspar_pedromartins_mowapress-749x420.jpeg 749w\" sizes=\"auto, (max-width: 974px) 100vw, 974px\" \/><p id=\"caption-attachment-4567\" class=\"wp-caption-text\">Tite e Edu Gaspar convocaram sele\u00e7\u00e3o brasileira no Aeroporto de Congonhas, em S\u00e3o Paulo. Partidas acontecem dias 23 e 28 de mar\u00e7o &#8211; Foto: Pedro Martins\/MowaPress<\/p><\/div>\n<p>A Sele\u00e7\u00e3o pode se garantir matematicamente na Copa do Mundo da R\u00fassia j\u00e1 nesta rodada.\u00a0Confira a lista de convocados:<\/p>\n<p><strong>GOLEIROS<\/strong><\/p>\n<p>Alisson &#8211; Roma<br \/>\nWeverton &#8211; Atl\u00e9tico Paranaense<br \/>\nEderson &#8211; Benfica<\/p>\n<p><strong>ZAGUEIROS<\/strong><\/p>\n<p>Gil &#8211; Shandong Luneng<br \/>\nMarquinhos &#8211; PSG<br \/>\nMiranda &#8211; Inter de Mil\u00e3o<br \/>\nThiago Silva &#8211; PSG<\/p>\n<p><strong>LATERAIS<\/strong><\/p>\n<p>Dani Alves &#8211; Juventus<br \/>\nFagner &#8211; Corinthians<br \/>\nFilipe Luis &#8211; Atl\u00e9tico de Madrid<br \/>\nMarcelo &#8211; Real Madrid<\/p>\n<p><strong>MEIAS<\/strong><\/p>\n<p>Casemiro &#8211; Real Madrid<br \/>\nDiego &#8211; Flamengo<br \/>\nFernandinho &#8211; Manchester City<br \/>\nGiuliano &#8211; Zenit<br \/>\nPaulinho &#8211; Guangzhou Evergrande<br \/>\nPhilippe Coutinho &#8211; Liverpool<br \/>\nRenato Augusto &#8211; Beijing Guoan<br \/>\nWillian &#8211; Chelsea<\/p>\n<p><strong>ATACANTES<\/strong><\/p>\n<p>Diego Souza &#8211; Sport<br \/>\nDouglas Costa &#8211; Bayern Munique<br \/>\nRoberto Firmino &#8211; Liverpool<br \/>\nNeymar &#8211; Barcelona<\/p>\n","protected":false},"excerpt":{"rendered":"<p>Fonte: Confedera\u00e7\u00e3o Brasileira de Futebol Com direito a apresenta\u00e7\u00e3o do novo avi\u00e3o da Sele\u00e7\u00e3o Brasileira, o t\u00e9cnico Tite convocou a equipe para os dois pr\u00f3ximos compromissos v\u00e1lidos pelas Eliminat\u00f3rias da Copa do Mundo da R\u00fassia 2018. Nesta sexta-feira, em S\u00e3o Paulo,\u00a0Tite chamou 23 jogadores para os jogos contra Uruguai e Paraguai. L\u00edder das Eliminat\u00f3rias da [&hellip;]<\/p>\n","protected":false},"author":1,"featured_media":4567,"comment_status":"open","ping_status":"closed","sticky":false,"template":"","format":"standard","meta":{"footnotes":""},"categories":[8],"tags":[],"class_list":["post-4566","post","type-post","status-publish","format-standard","has-post-thumbnail","hentry","category-futebol"],"_links":{"self":[{"href":"https:\/\/www.esportesbrasilia.com.br\/noticias\/wp-json\/wp\/v2\/posts\/4566","targetHints":{"allow":["GET"]}}],"collection":[{"href":"https:\/\/www.esportesbrasilia.com.br\/noticias\/wp-json\/wp\/v2\/posts"}],"about":[{"href":"https:\/\/www.esportesbrasilia.com.br\/noticias\/wp-json\/wp\/v2\/types\/post"}],"author":[{"embeddable":true,"href":"https:\/\/www.esportesbrasilia.com.br\/noticias\/wp-json\/wp\/v2\/users\/1"}],"replies":[{"embeddable":true,"href":"https:\/\/www.esportesbrasilia.com.br\/noticias\/wp-json\/wp\/v2\/comments?post=4566"}],"version-history":[{"count":1,"href":"https:\/\/www.esportesbrasilia.com.br\/noticias\/wp-json\/wp\/v2\/posts\/4566\/revisions"}],"predecessor-version":[{"id":4568,"href":"https:\/\/www.esportesbrasilia.com.br\/noticias\/wp-json\/wp\/v2\/posts\/4566\/revisions\/4568"}],"wp:featuredmedia":[{"embeddable":true,"href":"https:\/\/www.esportesbrasilia.com.br\/noticias\/wp-json\/wp\/v2\/media\/4567"}],"wp:attachment":[{"href":"https:\/\/www.esportesbrasilia.com.br\/noticias\/wp-json\/wp\/v2\/media?parent=4566"}],"wp:term":[{"taxonomy":"category","embeddable":true,"href":"https:\/\/www.esportesbrasilia.com.br\/noticias\/wp-json\/wp\/v2\/categories?post=4566"},{"taxonomy":"post_tag","embeddable":true,"href":"https:\/\/www.esportesbrasilia.com.br\/noticias\/wp-json\/wp\/v2\/tags?post=4566"}],"curies":[{"name":"wp","href":"https:\/\/api.w.org\/{rel}","templated":true}]}}