{"id":454,"date":"2016-01-14T20:35:14","date_gmt":"2016-01-14T22:35:14","guid":{"rendered":"http:\/\/www.esportesbrasilia.com.br\/noticias\/?p=454"},"modified":"2016-01-27T18:30:56","modified_gmt":"2016-01-27T20:30:56","slug":"vem-ai-a-46a-corrida-de-reis","status":"publish","type":"post","link":"https:\/\/www.esportesbrasilia.com.br\/noticias\/outros\/vem-ai-a-46a-corrida-de-reis.html","title":{"rendered":"Vem a\u00ed a 46\u00aa Corrida de Reis"},"content":{"rendered":"<div id=\"attachment_13606\" class=\"wp-caption aligncenter\">\n<p class=\"wp-caption-text\">Secret\u00e1ria-adjunta de Esporte, Leila Barros informou que 17% dos gastos vir\u00e3o do governo local \u2013 Foto: Tony Winston\/Ag\u00eancia Bras\u00edia<\/p>\n<\/div>\n<p>Fonte: Ag\u00eancia Bras\u00edlia<\/p>\n<p>Marcada para 31 de janeiro, a etapa deste ano da Corrida de Reis abrir\u00e1 oito\u00a0mil vagas para competidores a partir de 16 anos. A largada ser\u00e1 \u00e0s 9 horas entre o Est\u00e1dio Nacional de Bras\u00edlia Man\u00e9 Garrincha e o Gin\u00e1sio Nilson Nelson, no Eixo Monumental. O an\u00fancio da 46\u00aa edi\u00e7\u00e3o foi feito nesta quinta-feira (14), no est\u00e1dio, pela secret\u00e1ria-adjunta do Esporte e Lazer, Leila Barros.<\/p>\n<p>As inscri\u00e7\u00f5es s\u00e3o gratuitas e divididas em dois lotes: o primeiro em 15 de janeiro para 4 mil pessoas e o segundo no dia 20 para outras 4 mil. As fichas de inscri\u00e7\u00e3o estar\u00e3o dispon\u00edveis no site da Secretaria-Adjunta do Esporte e Lazer, a partir de 9 horas: <a href=\"http:\/\/www.esporte.df.gov.br\/\" target=\"_blank\">www.esporte.df.gov.br<\/a>.<\/p>\n<p>Assim como no ano passado, ser\u00e3o duas provas: categoria adaptada e prova popular de seis\u00a0quil\u00f4metros e de 10 quil\u00f4metros. Na corrida de\u00a0seis\u00a0quil\u00f4metros, os participantes retornar\u00e3o na altura da Rodovi\u00e1ria do Plano Piloto. Na prova de 10 quil\u00f4metros, os atletas passar\u00e3o pela Rodovi\u00e1ria e voltar\u00e3o perto da Alameda das Bandeiras, na Esplanada dos Minist\u00e9rios.<\/p>\n<p>Em raz\u00e3o da situa\u00e7\u00e3o financeira do governo de Bras\u00edlia, que passa por corte de gastos ap\u00f3s rombo herdado da gest\u00e3o passada e enquadramento nas regras da Lei de Responsabilidade Fiscal (LRF), n\u00e3o haver\u00e1 premia\u00e7\u00e3o em dinheiro. Todos receber\u00e3o medalhas e haver\u00e1 trof\u00e9us para os cinco primeiros colocados da categoria popular e os tr\u00eas primeiros da categoria adaptada.<\/p>\n<p>A competi\u00e7\u00e3o custar\u00e1 R$ 430 mil. Cerca de 17%, aproximadamente R$ 77 mil, vem do governo local \u2014 recurso da pr\u00f3pria Secretaria de Educa\u00e7\u00e3o, Esporte e Lazer \u2014 destinado \u00e0 estrutura como palco para a premia\u00e7\u00e3o, grades e banheiros qu\u00edmicos. O restante \u2014 R$ 353 mil \u2014 ser\u00e1 financiado por dez patrocinadores.<\/p>\n<p>Os kits com camiseta, n\u00famero de identifica\u00e7\u00e3o do corredor, chip eletr\u00f4nico \u2014 que cronometra o tempo e coloca\u00e7\u00e3o \u2014 e instru\u00e7\u00f5es da competi\u00e7\u00e3o ser\u00e3o entregues em 28 e 29 de janeiro, das 10 \u00e0s 20 horas, no Gin\u00e1sio Nilson Nelson. No dia da prova, os competidores receber\u00e3o fruta, barra de cereal e isot\u00f4nico. \u201cApesar das dificuldades, buscamos novamente parcerias para que a popula\u00e7\u00e3o pudesse ter esse momento de esporte e lazer, que \u00e9 muito importante. Em especial, porque a Corrida de Reis \u00e9 uma tradi\u00e7\u00e3o na cidade\u201d, destacou a secret\u00e1ria-adjunta do Esporte e Lazer, Leila Barros.<\/p>\n<p>A log\u00edstica de tr\u00e2nsito para o dia da corrida principal ainda ser\u00e1 divulgada. Outros \u00f3rg\u00e3os, como a Pol\u00edcia Militar e o Departamento de Tr\u00e2nsito (Detran), tamb\u00e9m atuar\u00e3o no evento.<\/p>\n<p><strong>Corrida mirim<\/strong><br \/>\nEste ano, a novidade ser\u00e1 a Corrida de Reis Mirim. A prova ocorrer\u00e1 em 23 de janeiro, na estacionamento do Gin\u00e1sio Nilson Nelson. As inscri\u00e7\u00f5es abrir\u00e3o no dia 19, tamb\u00e9m no site da pasta. Haver\u00e1 mil vagas para crian\u00e7as de 5 a 12 anos.<\/p>\n<p>Ser\u00e3o 50 baterias, todas com premia\u00e7\u00e3o \u2014 os primeiros de cada uma ganhar\u00e3o uma bicicleta, e o restante, medalhas. Os kits com camiseta, bon\u00e9, squeeze, fruta e barra de cereal ser\u00e3o entregues no dia da corrida. A prova seguir\u00e1 o modelo da primeira Corrida da Crian\u00e7a, promovida em 11 de outubro de 2015. Na prova mirim, os participantes disputar\u00e3o corridas de 300 metros e ser\u00e3o separados por faixa et\u00e1ria.<\/p>\n<p>\u201cEsse ano temos menos recursos do que em 2015, mas conseguimos incluir a corrida mirim porque, com a experi\u00eancia anterior, foi poss\u00edvel enxugar [os gastos] ainda mais\u201d, informou Leila. Os gastos com a Corrida de Reis Mirim est\u00e3o dentro do or\u00e7amento total, de R$ 430 milh\u00f5es.<\/p>\n<p>Coordenador t\u00e9cnico da prova, Francisco Xavier, conhecido como Professor Xavier, orienta os pais a chegarem ao local uma hora antes do in\u00edcio da prova das crian\u00e7as: \u201c\u00c9 um tempo necess\u00e1rio para pegar o kit e se organizar.\u201d<\/p>\n<p><strong>Doa\u00e7\u00e3o de alimentos<\/strong><br \/>\nComo \u00e9 de costume, as doa\u00e7\u00f5es de 1 quilo de alimentos n\u00e3o perec\u00edveis feitas pelos participantes ser\u00e3o bem-vindas. Em 2015, foram arrecadadas 35 toneladas em dois dias.<\/p>\n<p>A arrecada\u00e7\u00e3o ser\u00e1 repassada a institui\u00e7\u00f5es sem fins lucrativos cadastradas pela Comiss\u00e3o Organizadora do evento.<\/p>\n<p><strong>Hist\u00f3rico<\/strong><br \/>\nCriada com o objetivo de trazer \u00e0 capital atletas de outras unidades da Federa\u00e7\u00e3o e corredores internacionais que vinham ao Brasil disputar a S\u00e3o Silvestre, em S\u00e3o Paulo, a Corrida de Reis teve a primeira edi\u00e7\u00e3o em 6 de janeiro de 1971.<\/p>\n<p>A primeira largada ocorreu no fim do Eixo Rodovi\u00e1rio Sul, e a chegada, na W3 Sul, em frente \u00e0 antiga sede da TV Bras\u00edlia. Pelo trecho de 8 quil\u00f4metros, correram 42 atletas \u2014 quase metade deles estrangeiros, como os futuros campe\u00f5es ol\u00edmpicos Frank Shorter, dos Estados Unidos, e Lasse Viren, da Finl\u00e2ndia. No ano seguinte, a prova foi para a W3 e tempos depois ganhou o Eixo Monumental.<\/p>\n<p>Em 2011, a data da prova, que sempre era no fim de semana mais pr\u00f3ximo de 6 de janeiro (Dia de Reis) foi transferida para o \u00faltimo s\u00e1bado do m\u00eas.<\/p>\n","protected":false},"excerpt":{"rendered":"<p>Secret\u00e1ria-adjunta de Esporte, Leila Barros informou que 17% dos gastos vir\u00e3o do governo local \u2013 Foto: Tony Winston\/Ag\u00eancia Bras\u00edia Fonte: Ag\u00eancia Bras\u00edlia Marcada para 31 de janeiro, a etapa deste ano da Corrida de Reis abrir\u00e1 oito\u00a0mil vagas para competidores a partir de 16 anos. A largada ser\u00e1 \u00e0s 9 horas entre o Est\u00e1dio Nacional [&hellip;]<\/p>\n","protected":false},"author":1,"featured_media":455,"comment_status":"open","ping_status":"open","sticky":false,"template":"","format":"standard","meta":{"footnotes":""},"categories":[2],"tags":[],"class_list":["post-454","post","type-post","status-publish","format-standard","has-post-thumbnail","hentry","category-outros"],"_links":{"self":[{"href":"https:\/\/www.esportesbrasilia.com.br\/noticias\/wp-json\/wp\/v2\/posts\/454","targetHints":{"allow":["GET"]}}],"collection":[{"href":"https:\/\/www.esportesbrasilia.com.br\/noticias\/wp-json\/wp\/v2\/posts"}],"about":[{"href":"https:\/\/www.esportesbrasilia.com.br\/noticias\/wp-json\/wp\/v2\/types\/post"}],"author":[{"embeddable":true,"href":"https:\/\/www.esportesbrasilia.com.br\/noticias\/wp-json\/wp\/v2\/users\/1"}],"replies":[{"embeddable":true,"href":"https:\/\/www.esportesbrasilia.com.br\/noticias\/wp-json\/wp\/v2\/comments?post=454"}],"version-history":[{"count":1,"href":"https:\/\/www.esportesbrasilia.com.br\/noticias\/wp-json\/wp\/v2\/posts\/454\/revisions"}],"predecessor-version":[{"id":456,"href":"https:\/\/www.esportesbrasilia.com.br\/noticias\/wp-json\/wp\/v2\/posts\/454\/revisions\/456"}],"wp:featuredmedia":[{"embeddable":true,"href":"https:\/\/www.esportesbrasilia.com.br\/noticias\/wp-json\/wp\/v2\/media\/455"}],"wp:attachment":[{"href":"https:\/\/www.esportesbrasilia.com.br\/noticias\/wp-json\/wp\/v2\/media?parent=454"}],"wp:term":[{"taxonomy":"category","embeddable":true,"href":"https:\/\/www.esportesbrasilia.com.br\/noticias\/wp-json\/wp\/v2\/categories?post=454"},{"taxonomy":"post_tag","embeddable":true,"href":"https:\/\/www.esportesbrasilia.com.br\/noticias\/wp-json\/wp\/v2\/tags?post=454"}],"curies":[{"name":"wp","href":"https:\/\/api.w.org\/{rel}","templated":true}]}}