{"id":4308,"date":"2017-02-09T15:26:06","date_gmt":"2017-02-09T18:26:06","guid":{"rendered":"http:\/\/www.esportesbrasilia.com.br\/noticias\/?p=4308"},"modified":"2017-02-09T15:31:36","modified_gmt":"2017-02-09T18:31:36","slug":"editorial-a-esportes-brasilia-abandonou-o-futebol-do-df-jamais","status":"publish","type":"post","link":"https:\/\/www.esportesbrasilia.com.br\/noticias\/institucional\/editorial-a-esportes-brasilia-abandonou-o-futebol-do-df-jamais.html","title":{"rendered":"Editorial &#8211; A Esportes Bras\u00edlia abandonou o futebol do DF? Jamais!"},"content":{"rendered":"<div id=\"attachment_4138\" style=\"width: 235px\" class=\"wp-caption alignright\"><img loading=\"lazy\" decoding=\"async\" aria-describedby=\"caption-attachment-4138\" class=\"size-medium wp-image-4138\" src=\"https:\/\/www.esportesbrasilia.com.br\/noticias\/wp-content\/uploads\/renerlopes-225x300.jpg\" alt=\"Rener Lopes narrador e diretor geral\" width=\"225\" height=\"300\" srcset=\"https:\/\/www.esportesbrasilia.com.br\/noticias\/wp-content\/uploads\/renerlopes-225x300.jpg 225w, https:\/\/www.esportesbrasilia.com.br\/noticias\/wp-content\/uploads\/renerlopes-768x1024.jpg 768w, https:\/\/www.esportesbrasilia.com.br\/noticias\/wp-content\/uploads\/renerlopes-696x928.jpg 696w, https:\/\/www.esportesbrasilia.com.br\/noticias\/wp-content\/uploads\/renerlopes-315x420.jpg 315w, https:\/\/www.esportesbrasilia.com.br\/noticias\/wp-content\/uploads\/renerlopes.jpg 1050w\" sizes=\"auto, (max-width: 225px) 100vw, 225px\" \/><p id=\"caption-attachment-4138\" class=\"wp-caption-text\">Rener Lopes<br \/>narrador e diretor geral<\/p><\/div>\n<p>Amigos ouvintes e leitores da <strong>Esportes Bras\u00edlia<\/strong>. Aqui quem tra\u00e7a essas linhas \u00e9 o diretor desta empresa, Rener Lopes, jornalista registrado na Delegacia Regional do Trabalho e que atua na imprensa esportiva candanga desde 2006.<\/p>\n<p>Nesta quarta-feira (08), a <strong>Esportes Bras\u00edlia\u00a0<\/strong>transmitiu o jogo entre Flamengo e Gr\u00eamio, no est\u00e1dio Nacional Man\u00e9 Garrincha. O jogo foi v\u00e1lido pela Primeira Liga e vencido pelo rubro-negro carioca por 2&#215;0 (<strong><a href=\"https:\/\/www.esportesbrasilia.com.br\/noticias\/ebtv\/gols-flamengo-2x0-gremio.html\">clique aqui e veja os gols<\/a><\/strong>).<\/p>\n<p>No entanto, durante a transmiss\u00e3o e ap\u00f3s a nossa Jornada Esportiva, choveram reclama\u00e7\u00f5es em nossas redes sociais criticando a querida e pioneira <strong>EB\u00a0<\/strong>por conta de n\u00e3o termos transmitido o jogo entre Luzi\u00e2nia e Vit\u00f3ria\/BA, vencido pelo rubro-negro baiano por 2&#215;0, ocasionando a elimina\u00e7\u00e3o do azulino candango (<strong><a href=\"https:\/\/www.esportesbrasilia.com.br\/noticias\/futebol\/luziania-perde-para-o-vitoria-e-esta-fora-da-copa-do-brasil.html\">clique aqui e leia mais<\/a><\/strong>).<\/p>\n<p>E cabe aqui, por meio desse editorial, esclarecermos a nossos ouvintes o motivo de n\u00e3o termos transmitido a Copa do Brasil. A <strong>EB<\/strong> existe h\u00e1 quase oito anos, fundada em 23 de junho de 2009. Contudo, n\u00f3s n\u00e3o sobrevivemos <strong>exclusivamente<\/strong>\u00a0de esporte, tal qual outras emissoras de grandes cidades e estados brasileiros.\u00a0Todos n\u00f3s da imprensa candanga temos, assim como voc\u00ea que nos l\u00ea, que ter outro posto de trabalho aqui em Bras\u00edlia e arredores. Portanto, cada um de n\u00f3s precisa de encerrar o seu dia de trabalho como qualquer outro brasileiro para que possamos nos dedicar \u00e0 transmiss\u00e3o esportiva.<\/p>\n<p>Era nosso desejo cobrir o Luzi\u00e2nia? <strong>Sim<\/strong>. No entanto, n\u00e3o temos recursos suficientes, nem t\u00ednhamos tempo suficiente para que nos desloc\u00e1ssemos at\u00e9 a cidade de Luzi\u00e2nia\/GO para transmitir Luzi\u00e2nia x Vit\u00f3ria. Por isso, optamos por transmitir o jogo entre Flamengo e\u00a0Gr\u00eamio.<\/p>\n<p>Mas, a\u00ed voc\u00ea nos pergunta: a <strong>EB\u00a0<\/strong>vai deixar de transmitir, incentivar, prestigiar o futebol candango? \u00c9 claro que n\u00e3o. O\u00a0nosso objetivo sempre foi &#8211; e continuar\u00e1 sendo &#8211; estar lado a lado com\u00a0o futebol da nossa cidade. Tanto que, na primeira rodada do Candang\u00e3o, transmitimos tr\u00eas jogos &#8211; inclusive o\u00a0da Associa\u00e7\u00e3o Atl\u00e9tica Luzi\u00e2nia contra o Parano\u00e1 Esporte Clube, de maneira <strong>exclusiva<\/strong>.<\/p>\n<p>N\u00f3s t\u00ednhamos parceria com a querida Luzi\u00e2nia FM 98.1, que manteve a lideran\u00e7a de audi\u00eancia no esporte por quatro anos. Mas, infelizmente, sem o apoio do empresariado da cidade, n\u00f3s tivemos que sair do ar.<\/p>\n<p>A nossa esperan\u00e7a, quem sabe, com o apoio do empresariado candango e dos grandes anunciantes, \u00e9 que possamos ter a facilidade de transmitir todos os jogos dos times candangos, seja em que hor\u00e1rio for (at\u00e9 de madrugada).<\/p>\n<p>Contudo, infelizmente, n\u00e3o pudemos colocar nossa ideia em pr\u00e1tica nesta quarta-feira. Pedimos desculpas sinceras a voc\u00ea, que sempre nos prestigiou por tanto tempo.<\/p>\n<p>Neste fim de semana, s\u00e3o mais <strong>cinco<\/strong> jogos da rodada do Candang\u00e3o 2017 e um da Copa Verde 2017. Ser\u00e3o <strong>tr\u00eas<\/strong> transmiss\u00f5es, sendo <strong>duas<\/strong> no s\u00e1bado e <strong>uma<\/strong> no domingo.<\/p>\n<p>Espero, de cora\u00e7\u00e3o, que compreendam essas linhas rabiscadas e sigam na audi\u00eancia da\u00a0<strong>#numero1emesportes<\/strong>. Estaremos lado a lado com voc\u00ea, futebol candango.<\/p>\n<p>Um grande abra\u00e7o,<\/p>\n<p>Rener Lopes<br \/>\ndiretor-geral Esportes Bras\u00edlia.<\/p>\n","protected":false},"excerpt":{"rendered":"<p>Amigos ouvintes e leitores da Esportes Bras\u00edlia. Aqui quem tra\u00e7a essas linhas \u00e9 o diretor desta empresa, Rener Lopes, jornalista registrado na Delegacia Regional do Trabalho e que atua na imprensa esportiva candanga desde 2006. Nesta quarta-feira (08), a Esportes Bras\u00edlia\u00a0transmitiu o jogo entre Flamengo e Gr\u00eamio, no est\u00e1dio Nacional Man\u00e9 Garrincha. O jogo foi [&hellip;]<\/p>\n","protected":false},"author":2,"featured_media":4309,"comment_status":"open","ping_status":"closed","sticky":false,"template":"","format":"standard","meta":{"footnotes":""},"categories":[27],"tags":[],"class_list":["post-4308","post","type-post","status-publish","format-standard","has-post-thumbnail","hentry","category-institucional"],"_links":{"self":[{"href":"https:\/\/www.esportesbrasilia.com.br\/noticias\/wp-json\/wp\/v2\/posts\/4308","targetHints":{"allow":["GET"]}}],"collection":[{"href":"https:\/\/www.esportesbrasilia.com.br\/noticias\/wp-json\/wp\/v2\/posts"}],"about":[{"href":"https:\/\/www.esportesbrasilia.com.br\/noticias\/wp-json\/wp\/v2\/types\/post"}],"author":[{"embeddable":true,"href":"https:\/\/www.esportesbrasilia.com.br\/noticias\/wp-json\/wp\/v2\/users\/2"}],"replies":[{"embeddable":true,"href":"https:\/\/www.esportesbrasilia.com.br\/noticias\/wp-json\/wp\/v2\/comments?post=4308"}],"version-history":[{"count":2,"href":"https:\/\/www.esportesbrasilia.com.br\/noticias\/wp-json\/wp\/v2\/posts\/4308\/revisions"}],"predecessor-version":[{"id":4311,"href":"https:\/\/www.esportesbrasilia.com.br\/noticias\/wp-json\/wp\/v2\/posts\/4308\/revisions\/4311"}],"wp:featuredmedia":[{"embeddable":true,"href":"https:\/\/www.esportesbrasilia.com.br\/noticias\/wp-json\/wp\/v2\/media\/4309"}],"wp:attachment":[{"href":"https:\/\/www.esportesbrasilia.com.br\/noticias\/wp-json\/wp\/v2\/media?parent=4308"}],"wp:term":[{"taxonomy":"category","embeddable":true,"href":"https:\/\/www.esportesbrasilia.com.br\/noticias\/wp-json\/wp\/v2\/categories?post=4308"},{"taxonomy":"post_tag","embeddable":true,"href":"https:\/\/www.esportesbrasilia.com.br\/noticias\/wp-json\/wp\/v2\/tags?post=4308"}],"curies":[{"name":"wp","href":"https:\/\/api.w.org\/{rel}","templated":true}]}}