{"id":428,"date":"2016-01-18T21:12:16","date_gmt":"2016-01-18T23:12:16","guid":{"rendered":"http:\/\/www.esportesbrasilia.com.br\/noticias\/?p=428"},"modified":"2016-01-27T18:14:47","modified_gmt":"2016-01-27T20:14:47","slug":"brasilia-volei-volta-a-perder","status":"publish","type":"post","link":"https:\/\/www.esportesbrasilia.com.br\/noticias\/volei\/brasilia-volei-volta-a-perder.html","title":{"rendered":"Bras\u00edlia V\u00f4lei volta a perder"},"content":{"rendered":"<p>No Gin\u00e1sio Jos\u00e9 Liberatti, em Osasco\/SP, o Bras\u00edlia V\u00f4lei perdeu para a equipe da casa por 3 sets a 0 na noite desta segunda-feira (18). O V\u00f4lei Nestl\u00e9 foi melhor e conseguiu o resultado frente a sua torcida. As parciais foram: 25\u00d716, 25\u00d723 e 25\u00d717. A central Aden\u00edzia foi eleita a melhor em quadra e levou o trof\u00e9u VivaV\u00f4lei.<\/p>\n<p>As equipes come\u00e7aram a partida trocando pontos no ataque (8\u00d78). A virada do time da casa veio num bloqueio duplo no ataque da ponteira Amanda, mas rapidamente empatado pelo Bras\u00edlia V\u00f4lei. No meio do set o V\u00f4lei Nestl\u00e9 passou a demonstrar superioridade nas viradas de bola, abrindo tr\u00eas de vantagem (16\u00d713). Lideradas por Tha\u00edsa, as paulistas ampliavam e fecharam o set em 25\u00d716 com Gabi atacando pela ponta.<\/p>\n<p>O segundo set come\u00e7ou com o Bras\u00edlia V\u00f4lei pontuando tr\u00eas vezes seguidas (0x3), at\u00e9 pedido de tempo de Luizomar. A parada deu certo e Ivna pontuou pelo fundo de quadra, quebrando a sequ\u00eancia do Bras\u00edlia (1\u00d73). O empate veio num bloqueio simples de Tha\u00edsa (4\u00d74). Assim como no primeiro set, as mandantes melhoraram o bloqueio e passaram a abrir vantagem (10\u00d77). Manu Arnaut mexeu no time sacando Roberta para a entrada de Nati e Amanda por Kasiely e o Bras\u00edlia voltou a crescer no jogo (13\u00d712). Empurradas pela torcida, o V\u00f4lei Nestl\u00e9 reagiu, passou \u00e0 frente e administrou o restante do set, que terminou em 25\u00d723.<\/p>\n<p>No decisivo set o V\u00f4lei Nestl\u00e9 manteve a boa atua\u00e7\u00e3o dos sets anteriores e aproveitava bem as jogadas com a belga Lise Van Hecke (12\u00d76). O Bras\u00edlia V\u00f4lei conseguiu melhorar nas viradas de bola, mas o V\u00f4lei Nestl\u00e9 n\u00e3o deixava as visitantes chegarem ao empate (15\u00d79). Com bom desempenho de Tha\u00edsa e Van Hecke, a equipe de Osasco venceu por 25\u00d717.<\/p>\n<p>Paula Pequeno avalia o resultado. \u201cAl\u00e9m do jogo de hoje ser responsabilidade delas, n\u00f3s est\u00e1vamos em um dia at\u00edpico, onde n\u00e3o conseguimos impor press\u00e3o em momento algum e por isso elas jogaram soltas e foram mais eficientes do que n\u00f3s. Poder\u00edamos ter resistido mais. Elas sacaram muito bem, o que prejudicou nosso passe e com isso dificultou as viradas de bola e distribui\u00e7\u00e3o\u201d, afirma.<\/p>\n<p>O Bras\u00edlia V\u00f4lei seguir\u00e1 para Belo Horizonte e o pr\u00f3ximo compromisso ser\u00e1 na pr\u00f3xima sexta-feira (22), contra o Camponesa\/Minas, \u00e0s 19h30.<\/p>\n","protected":false},"excerpt":{"rendered":"<p>No Gin\u00e1sio Jos\u00e9 Liberatti, em Osasco\/SP, o Bras\u00edlia V\u00f4lei perdeu para a equipe da casa por 3 sets a 0 na noite desta segunda-feira (18). O V\u00f4lei Nestl\u00e9 foi melhor e conseguiu o resultado frente a sua torcida. As parciais foram: 25\u00d716, 25\u00d723 e 25\u00d717. A central Aden\u00edzia foi eleita a melhor em quadra e [&hellip;]<\/p>\n","protected":false},"author":1,"featured_media":417,"comment_status":"open","ping_status":"open","sticky":false,"template":"","format":"standard","meta":{"footnotes":""},"categories":[11],"tags":[],"class_list":["post-428","post","type-post","status-publish","format-standard","has-post-thumbnail","hentry","category-volei"],"_links":{"self":[{"href":"https:\/\/www.esportesbrasilia.com.br\/noticias\/wp-json\/wp\/v2\/posts\/428","targetHints":{"allow":["GET"]}}],"collection":[{"href":"https:\/\/www.esportesbrasilia.com.br\/noticias\/wp-json\/wp\/v2\/posts"}],"about":[{"href":"https:\/\/www.esportesbrasilia.com.br\/noticias\/wp-json\/wp\/v2\/types\/post"}],"author":[{"embeddable":true,"href":"https:\/\/www.esportesbrasilia.com.br\/noticias\/wp-json\/wp\/v2\/users\/1"}],"replies":[{"embeddable":true,"href":"https:\/\/www.esportesbrasilia.com.br\/noticias\/wp-json\/wp\/v2\/comments?post=428"}],"version-history":[{"count":2,"href":"https:\/\/www.esportesbrasilia.com.br\/noticias\/wp-json\/wp\/v2\/posts\/428\/revisions"}],"predecessor-version":[{"id":431,"href":"https:\/\/www.esportesbrasilia.com.br\/noticias\/wp-json\/wp\/v2\/posts\/428\/revisions\/431"}],"wp:featuredmedia":[{"embeddable":true,"href":"https:\/\/www.esportesbrasilia.com.br\/noticias\/wp-json\/wp\/v2\/media\/417"}],"wp:attachment":[{"href":"https:\/\/www.esportesbrasilia.com.br\/noticias\/wp-json\/wp\/v2\/media?parent=428"}],"wp:term":[{"taxonomy":"category","embeddable":true,"href":"https:\/\/www.esportesbrasilia.com.br\/noticias\/wp-json\/wp\/v2\/categories?post=428"},{"taxonomy":"post_tag","embeddable":true,"href":"https:\/\/www.esportesbrasilia.com.br\/noticias\/wp-json\/wp\/v2\/tags?post=428"}],"curies":[{"name":"wp","href":"https:\/\/api.w.org\/{rel}","templated":true}]}}