{"id":394,"date":"2015-12-23T14:21:25","date_gmt":"2015-12-23T16:21:25","guid":{"rendered":"http:\/\/www.esportesbrasilia.com.br\/noticias\/?p=394"},"modified":"2015-12-25T18:52:02","modified_gmt":"2015-12-25T20:52:02","slug":"especial-alvinegro-carioca-aposta-na-estrutura-da-base-para-a-copinha","status":"publish","type":"post","link":"https:\/\/www.esportesbrasilia.com.br\/noticias\/futebol\/especial-alvinegro-carioca-aposta-na-estrutura-da-base-para-a-copinha.html","title":{"rendered":"Especial: Alvinegro carioca aposta na estrutura da base para a Copinha"},"content":{"rendered":"<p><em>Colaborou R\u00f4mulo Maia<\/em><\/p>\n<p>J\u00e1 no dia 04 de janeiro de 2016, \u00e0s 14h, o Sobradinho realiza o segundo jogo pela Copa S\u00e3o Paulo de Futebol Junior. O advers\u00e1rio, em Lins\/SP, ser\u00e1 o Botafogo.<\/p>\n<p>O time carioca chega \u00e0 competi\u00e7\u00e3o como grande favorito a ficar com uma das vagas do grupo, e tamb\u00e9m a ser o l\u00edder. Com uma base cada vez mais estruturada, e uma gest\u00e3o que vem unindo a base ao profissional, o Botafogo chega com muita for\u00e7a \u00e0 Copa S\u00e3o Paulo 2016.<\/p>\n<p>A equipe Sub 20, uma das melhores entre os cariocas, acabou tendo que ser reformulada por duas vezes nessa temporada, gra\u00e7as \u00e0 subida de v\u00e1rios atletas aos profissionais. Mesmo assim, o time mostrou que tem muita qualidade e fez um grande ano com o Sub 20, sendo vice-campe\u00e3o do Carioca e campe\u00e3o do Torneio Oct\u00e1vio Pinto Guimar\u00e3es, tamb\u00e9m conhecido como\u00a0OPG, que \u00e9 o segundo principal torneio da base no Rio de Janeiro.<\/p>\n<p>J\u00e1 a equipe sub 17 teve um 2015 muito bom, sendo eliminadas duas vezes no carioca da categoria pelo Vasco da Gama, na semifinal, e sendo vice-campe\u00e3 da Copa do Brasil Sub 17.<\/p>\n<p>Apenas nesse ano, o Botafogo j\u00e1 mostrou o valor que da \u00e0 base, integrando nove atletas ao time profissional, todos com algum destaque. Foram eles: o goleiro Saulo, os laterais Diego e Jean, o zagueiro \u00c9merson, o volante Di\u00e9rson, o meia Fernandes, e os atacantes Lu\u00eds Henrique \u2013 que chegou a jogar o mundial Sub 17 -, Vin\u00edcius Tanque e Andr\u00e9 Luiz, esse \u00faltimo, o \u00fanico a n\u00e3o ficar, tendo sido emprestado ao Boa Vista\/RJ ate o fim do carioca do ano que vem.<\/p>\n<p>Os jogadores que est\u00e3o no profissional ainda n\u00e3o est\u00e3o certos de \u201cdescer\u201d e jogar a Copinha. Por\u00e9m, mesmo sem eles, a equipe ainda se mostra muito forte e com bons destaques para a competi\u00e7\u00e3o. A maior expectativa \u00e9 claramente sobre dois atacantes que tem tudo pra serem os destaques da equipe.<\/p>\n<p>Renan Gorn\u00e9 tem apenas 19 anos, mas uma hist\u00f3ria de muita supera\u00e7\u00e3o e muitos gols pela equipe. O jogador teve uma les\u00e3o que o prejudicou em boa parte do primeiro semestre. Mesmo assim, e sem ser titular, tem mantido uma m\u00e9dia fant\u00e1stica de quase um gol por jogo (Na OPG foram sete gols, em sete jogos). Renan \u00e9 um centroavante moderno, tem boa velocidade e sai da \u00e1rea pra buscar jogo, al\u00e9m de destacar por chutar forte e colocado com as duas pernas. Ele chegou a fazer testes na Inglaterra em 2012, mas acabou n\u00e3o ficando por l\u00e1.<\/p>\n<p>O outro grande destaque da equipe deve ser o forte Atacante Ribamar, que foi autor de quase todos os gols da equipe na Copa do Brasil Sub 20. Al\u00e9m disso, ele tamb\u00e9m foi artilheiro do sub 20 carioca e vice-artilheiro na OPG com 11 gols em sete jogos. Ribamar sabe fazer bem o trabalho de piv\u00f4 e tem muita presen\u00e7a de \u00e1rea, sendo um perigo pra zaga adversaria.<\/p>\n<p>Para finalizar, um talento raro tamb\u00e9m vem sendo lapidado no sub 17. Matheus Fernandes, capit\u00e3o da equipe, teria chances ainda esse ano entre os profissionais, mas acabou tendo uma les\u00e3o na panturrilha. J\u00e1 recuperado, o jovem \u00e9 cotado pra ser o homem de marca\u00e7\u00e3o da equipe na Copinha. Matheus possui muita ra\u00e7a aliada \u00e0 uma boa marca\u00e7\u00e3o, foi o volante menos faltoso da categoria em 2015 e o maior ladr\u00e3o de bolas do time.<\/p>\n","protected":false},"excerpt":{"rendered":"<p>Colaborou R\u00f4mulo Maia J\u00e1 no dia 04 de janeiro de 2016, \u00e0s 14h, o Sobradinho realiza o segundo jogo pela Copa S\u00e3o Paulo de Futebol Junior. O advers\u00e1rio, em Lins\/SP, ser\u00e1 o Botafogo. O time carioca chega \u00e0 competi\u00e7\u00e3o como grande favorito a ficar com uma das vagas do grupo, e tamb\u00e9m a ser o [&hellip;]<\/p>\n","protected":false},"author":1,"featured_media":248,"comment_status":"open","ping_status":"open","sticky":false,"template":"","format":"standard","meta":{"footnotes":""},"categories":[8],"tags":[],"class_list":["post-394","post","type-post","status-publish","format-standard","has-post-thumbnail","hentry","category-futebol"],"_links":{"self":[{"href":"https:\/\/www.esportesbrasilia.com.br\/noticias\/wp-json\/wp\/v2\/posts\/394","targetHints":{"allow":["GET"]}}],"collection":[{"href":"https:\/\/www.esportesbrasilia.com.br\/noticias\/wp-json\/wp\/v2\/posts"}],"about":[{"href":"https:\/\/www.esportesbrasilia.com.br\/noticias\/wp-json\/wp\/v2\/types\/post"}],"author":[{"embeddable":true,"href":"https:\/\/www.esportesbrasilia.com.br\/noticias\/wp-json\/wp\/v2\/users\/1"}],"replies":[{"embeddable":true,"href":"https:\/\/www.esportesbrasilia.com.br\/noticias\/wp-json\/wp\/v2\/comments?post=394"}],"version-history":[{"count":1,"href":"https:\/\/www.esportesbrasilia.com.br\/noticias\/wp-json\/wp\/v2\/posts\/394\/revisions"}],"predecessor-version":[{"id":395,"href":"https:\/\/www.esportesbrasilia.com.br\/noticias\/wp-json\/wp\/v2\/posts\/394\/revisions\/395"}],"wp:featuredmedia":[{"embeddable":true,"href":"https:\/\/www.esportesbrasilia.com.br\/noticias\/wp-json\/wp\/v2\/media\/248"}],"wp:attachment":[{"href":"https:\/\/www.esportesbrasilia.com.br\/noticias\/wp-json\/wp\/v2\/media?parent=394"}],"wp:term":[{"taxonomy":"category","embeddable":true,"href":"https:\/\/www.esportesbrasilia.com.br\/noticias\/wp-json\/wp\/v2\/categories?post=394"},{"taxonomy":"post_tag","embeddable":true,"href":"https:\/\/www.esportesbrasilia.com.br\/noticias\/wp-json\/wp\/v2\/tags?post=394"}],"curies":[{"name":"wp","href":"https:\/\/api.w.org\/{rel}","templated":true}]}}