{"id":384,"date":"2015-12-18T12:41:38","date_gmt":"2015-12-18T14:41:38","guid":{"rendered":"http:\/\/www.esportesbrasilia.com.br\/noticias\/?p=384"},"modified":"2015-12-25T18:44:25","modified_gmt":"2015-12-25T20:44:25","slug":"fiba-americas-divulga-chaves-da-liga-das-americas-2016","status":"publish","type":"post","link":"https:\/\/www.esportesbrasilia.com.br\/noticias\/basquete\/fiba-americas-divulga-chaves-da-liga-das-americas-2016.html","title":{"rendered":"FIBA Am\u00e9ricas divulga chaves da Liga das Am\u00e9ricas 2016"},"content":{"rendered":"<p>O tricampe\u00e3o sul-americano de basquete j\u00e1 conhece os advers\u00e1rios da pr\u00f3xima edi\u00e7\u00e3o da Liga das Am\u00e9ricas. A Federa\u00e7\u00e3o Internacional de Basquete para as Am\u00e9ricas (FIBA Am\u00e9ricas) divulgou, nesta sexta-feira (18), as chaves da competi\u00e7\u00e3o, onde o UniCEUB\/Bras\u00edlia ser\u00e1 um dos representantes brasileiros.<\/p>\n<p>A equipe candanga est\u00e1 alocada na chave D, ao lado de Guaros de Lara (Venezuela), Capitanes de Arecibo (Porto Rico) e Capitalinos de Habana (Cuba). As partidas acontecer\u00e3o em terras venezuelanas, na cidade de Barquisimeto, entre os dias 05 e 07 de fevereiro de 2016.<\/p>\n<p>O atual campe\u00e3o, o Bauru Basket, est\u00e1 na chave B, ao lado de Quilmes (Argentina), Marinos de Anzoategui (Venezuela) e Toros del Norte (Nicar\u00e1gua) e jogar\u00e1 entre os dias 22 e 24 de janeiro. J\u00e1 o Flamengo foi alocado na chave C e enfrentar\u00e1 o campe\u00e3o da Liga Panamenha de Basquete, Gimnasia Y Esgrima de Comodoro (Argentina) e Aguilas de Tunja (Col\u00f4mbia) entre os dias 29 e 31 de janeiro.<\/p>\n<p>Fechando os representantes brasileiros, o Mogi das Cruzes \u2013 que entrou no lugar do Limeira ap\u00f3s o fechamento da equipe principal \u2013 est\u00e1 na chave A e\u00a0ter\u00e1 como advers\u00e1rios\u00a0o Metros de Santiago (Rep\u00fablica Dominicana), Malvin (Uruguai) e Leones de Quilpue (Chile) entre os dias 15 e 17 de janeiro.<\/p>\n<p>A f\u00f3rmula de disputa tamb\u00e9m foi definida. Os times jogar\u00e3o dentro das chaves em partidas de ida. Os dois primeiros de cada grupo se classificam para a fase semifinal, onde ser\u00e3o divididos nas chaves E e F. O melhor de cada chave faz a grande final.<\/p>\n","protected":false},"excerpt":{"rendered":"<p>O tricampe\u00e3o sul-americano de basquete j\u00e1 conhece os advers\u00e1rios da pr\u00f3xima edi\u00e7\u00e3o da Liga das Am\u00e9ricas. A Federa\u00e7\u00e3o Internacional de Basquete para as Am\u00e9ricas (FIBA Am\u00e9ricas) divulgou, nesta sexta-feira (18), as chaves da competi\u00e7\u00e3o, onde o UniCEUB\/Bras\u00edlia ser\u00e1 um dos representantes brasileiros. A equipe candanga est\u00e1 alocada na chave D, ao lado de Guaros de [&hellip;]<\/p>\n","protected":false},"author":1,"featured_media":385,"comment_status":"open","ping_status":"open","sticky":false,"template":"","format":"standard","meta":{"footnotes":""},"categories":[12],"tags":[],"class_list":["post-384","post","type-post","status-publish","format-standard","has-post-thumbnail","hentry","category-basquete"],"_links":{"self":[{"href":"https:\/\/www.esportesbrasilia.com.br\/noticias\/wp-json\/wp\/v2\/posts\/384","targetHints":{"allow":["GET"]}}],"collection":[{"href":"https:\/\/www.esportesbrasilia.com.br\/noticias\/wp-json\/wp\/v2\/posts"}],"about":[{"href":"https:\/\/www.esportesbrasilia.com.br\/noticias\/wp-json\/wp\/v2\/types\/post"}],"author":[{"embeddable":true,"href":"https:\/\/www.esportesbrasilia.com.br\/noticias\/wp-json\/wp\/v2\/users\/1"}],"replies":[{"embeddable":true,"href":"https:\/\/www.esportesbrasilia.com.br\/noticias\/wp-json\/wp\/v2\/comments?post=384"}],"version-history":[{"count":1,"href":"https:\/\/www.esportesbrasilia.com.br\/noticias\/wp-json\/wp\/v2\/posts\/384\/revisions"}],"predecessor-version":[{"id":386,"href":"https:\/\/www.esportesbrasilia.com.br\/noticias\/wp-json\/wp\/v2\/posts\/384\/revisions\/386"}],"wp:featuredmedia":[{"embeddable":true,"href":"https:\/\/www.esportesbrasilia.com.br\/noticias\/wp-json\/wp\/v2\/media\/385"}],"wp:attachment":[{"href":"https:\/\/www.esportesbrasilia.com.br\/noticias\/wp-json\/wp\/v2\/media?parent=384"}],"wp:term":[{"taxonomy":"category","embeddable":true,"href":"https:\/\/www.esportesbrasilia.com.br\/noticias\/wp-json\/wp\/v2\/categories?post=384"},{"taxonomy":"post_tag","embeddable":true,"href":"https:\/\/www.esportesbrasilia.com.br\/noticias\/wp-json\/wp\/v2\/tags?post=384"}],"curies":[{"name":"wp","href":"https:\/\/api.w.org\/{rel}","templated":true}]}}