{"id":3810,"date":"2016-12-08T10:43:01","date_gmt":"2016-12-08T13:43:01","guid":{"rendered":"http:\/\/www.esportesbrasilia.com.br\/noticias\/?p=3810"},"modified":"2016-12-08T10:55:34","modified_gmt":"2016-12-08T13:55:34","slug":"em-noite-de-festa-petrucio-ferreira-e-silvania-costa-sao-escolhidos-os-melhores-atletas-paralimpicos-de-2016","status":"publish","type":"post","link":"https:\/\/www.esportesbrasilia.com.br\/noticias\/esporteparalimpico\/em-noite-de-festa-petrucio-ferreira-e-silvania-costa-sao-escolhidos-os-melhores-atletas-paralimpicos-de-2016.html","title":{"rendered":"Em noite de festa, Petr\u00facio Ferreira e Silv\u00e2nia Costa s\u00e3o escolhidos os melhores atletas paral\u00edmpicos de 2016"},"content":{"rendered":"<p>*Com informa\u00e7\u00f5es do CPB<\/p>\n<p>Por meio de vota\u00e7\u00e3o popular, a saltadora em dist\u00e2ncia Silv\u00e2nia Costa e o\u00a0\u00a0velocista Petr\u00facio Ferreira foram os grandes premiados como melhores atletas de 2016. A festa do esporte paral\u00edmpico aconteceu na noite desta quarta-feira (7), no Rio de Janeiro.<\/p>\n<p>Entre as mulheres, Silv\u00e2nia, que conquistou o ouro no Rio de Janeiro, al\u00e9m de ser a atuar recordista mundial da prova de salto em dist\u00e2ncia na classe T11 &#8211; para cegos-,foi escolhida pelo p\u00fablico com 61% dos votos, a lan\u00e7adora Shirlene Coelho ficou em segundo lugar, com 23%, e Evani Calado, da bocha, veio na sequ\u00eancia com 16% da prefer\u00eancia.<\/p>\n<div id=\"attachment_3811\" style=\"width: 525px\" class=\"wp-caption aligncenter\"><img loading=\"lazy\" decoding=\"async\" aria-describedby=\"caption-attachment-3811\" class=\" wp-image-3811\" src=\"https:\/\/www.esportesbrasilia.com.br\/noticias\/wp-content\/uploads\/31380314341_96d0d10b56_o-300x200.jpg\" alt=\"07\/12\/2016 - Pr\u00eamio Paral\u00edmpicos 2016 - Rio de Janeiro, RJ - Silvania Oliveira. \u00a9Daniel Zappe\/MPIX\/CPB\" width=\"515\" height=\"344\" srcset=\"https:\/\/www.esportesbrasilia.com.br\/noticias\/wp-content\/uploads\/31380314341_96d0d10b56_o-300x200.jpg 300w, https:\/\/www.esportesbrasilia.com.br\/noticias\/wp-content\/uploads\/31380314341_96d0d10b56_o-768x512.jpg 768w, https:\/\/www.esportesbrasilia.com.br\/noticias\/wp-content\/uploads\/31380314341_96d0d10b56_o-1024x683.jpg 1024w, https:\/\/www.esportesbrasilia.com.br\/noticias\/wp-content\/uploads\/31380314341_96d0d10b56_o-696x464.jpg 696w, https:\/\/www.esportesbrasilia.com.br\/noticias\/wp-content\/uploads\/31380314341_96d0d10b56_o-1068x712.jpg 1068w, https:\/\/www.esportesbrasilia.com.br\/noticias\/wp-content\/uploads\/31380314341_96d0d10b56_o-630x420.jpg 630w\" sizes=\"auto, (max-width: 515px) 100vw, 515px\" \/><p id=\"caption-attachment-3811\" class=\"wp-caption-text\">07\/12\/2016 &#8211; Pr\u00eamio Paral\u00edmpicos 2016 &#8211; Rio de Janeiro, RJ &#8211; Silvania Oliveira. \u00a9Daniel Zappe\/MPIX\/CPB<\/p><\/div>\n<p>Entre os homens, Petr\u00facio, que fechou sua participa\u00e7\u00e3o nos Jogos com tr\u00eas medalhas, sendo uma de ouro e duas de prata, e ainda bateu duas vezes o recorde mundial nos 100m classe T47 &#8211; para atletas com m\u00e1 forma\u00e7\u00e3o nos membros superiores- foi o vencedor com 53% dos votos, contra 26% do nadador Daniel Dias e 21% de Jefinho, do futebol de 5.<\/p>\n<div id=\"attachment_3813\" style=\"width: 534px\" class=\"wp-caption aligncenter\"><img loading=\"lazy\" decoding=\"async\" aria-describedby=\"caption-attachment-3813\" class=\" wp-image-3813\" src=\"https:\/\/www.esportesbrasilia.com.br\/noticias\/wp-content\/uploads\/31380326701_67540bf531_o-300x200.jpg\" alt=\"07\/12\/2016 - Pr\u00eamio Paral\u00edmpicos 2016 - Rio de Janeiro, RJ - Petrucio Ferreira. \u00a9Daniel Zappe\/MPIX\/CPB\" width=\"524\" height=\"349\" srcset=\"https:\/\/www.esportesbrasilia.com.br\/noticias\/wp-content\/uploads\/31380326701_67540bf531_o-300x200.jpg 300w, https:\/\/www.esportesbrasilia.com.br\/noticias\/wp-content\/uploads\/31380326701_67540bf531_o-768x512.jpg 768w, https:\/\/www.esportesbrasilia.com.br\/noticias\/wp-content\/uploads\/31380326701_67540bf531_o-1024x683.jpg 1024w, https:\/\/www.esportesbrasilia.com.br\/noticias\/wp-content\/uploads\/31380326701_67540bf531_o-696x464.jpg 696w, https:\/\/www.esportesbrasilia.com.br\/noticias\/wp-content\/uploads\/31380326701_67540bf531_o-1068x712.jpg 1068w, https:\/\/www.esportesbrasilia.com.br\/noticias\/wp-content\/uploads\/31380326701_67540bf531_o-630x420.jpg 630w\" sizes=\"auto, (max-width: 524px) 100vw, 524px\" \/><p id=\"caption-attachment-3813\" class=\"wp-caption-text\">07\/12\/2016 &#8211; Pr\u00eamio Paral\u00edmpicos 2016 &#8211; Rio de Janeiro, RJ &#8211; Petrucio Ferreira. \u00a9Daniel Zappe\/MPIX\/CPB<\/p><\/div>\n<p>Nos momentos finais da festa a ex-atleta M\u00e1rcia Malsar, dona de quatro medalhas paral\u00edmpicas (um ouro, duas pratas e um bronze), foi presenteada com a tocha que carregou durante a cerim\u00f4nia de abertura dos Jogos Rio 2016. Na ocasi\u00e3o, M\u00e1rcia chegou a cair, mas se reergueu, recolheu a tocha e seguiu o revezamento em dire\u00e7\u00e3o \u00e0 Pira Paral\u00edmpica, no Maracan\u00e3.<\/p>\n<div id=\"attachment_3814\" style=\"width: 539px\" class=\"wp-caption aligncenter\"><img loading=\"lazy\" decoding=\"async\" aria-describedby=\"caption-attachment-3814\" class=\" wp-image-3814\" src=\"https:\/\/www.esportesbrasilia.com.br\/noticias\/wp-content\/uploads\/31124544590_7ff082a527_o-300x216.jpg\" alt=\"Rio, 07\/12\/2016. Pr\u00eamio Paral\u00edmpicos 2016 - Andrew Parsons e Marcia Malsar - Foto Fernando Maia\/Mpix\/CPB\" width=\"529\" height=\"381\" srcset=\"https:\/\/www.esportesbrasilia.com.br\/noticias\/wp-content\/uploads\/31124544590_7ff082a527_o-300x216.jpg 300w, https:\/\/www.esportesbrasilia.com.br\/noticias\/wp-content\/uploads\/31124544590_7ff082a527_o-768x554.jpg 768w, https:\/\/www.esportesbrasilia.com.br\/noticias\/wp-content\/uploads\/31124544590_7ff082a527_o-1024x739.jpg 1024w, https:\/\/www.esportesbrasilia.com.br\/noticias\/wp-content\/uploads\/31124544590_7ff082a527_o-696x502.jpg 696w, https:\/\/www.esportesbrasilia.com.br\/noticias\/wp-content\/uploads\/31124544590_7ff082a527_o-1068x770.jpg 1068w, https:\/\/www.esportesbrasilia.com.br\/noticias\/wp-content\/uploads\/31124544590_7ff082a527_o-582x420.jpg 582w\" sizes=\"auto, (max-width: 529px) 100vw, 529px\" \/><p id=\"caption-attachment-3814\" class=\"wp-caption-text\">Rio, 07\/12\/2016. Pr\u00eamio Paral\u00edmpicos 2016 &#8211; Andrew Parsons e Marcia Malsar &#8211; Foto Fernando Maia\/Mpix\/CPB<\/p><\/div>\n<p>Em meio ao ambiente festivo, o paradesporto brasileiro n\u00e3o deixou de render homenagens \u00e0s vitimas do voo que levava a Chapecoense para a disputa da primeira partida da final da Copa Sul-Americana contra o Atl\u00e9tico Nacional de Medellin, da Col\u00f4mbia. Ent\u00e3o, foi respeitado 1 minuto de sil\u00eancio.<\/p>\n<div id=\"attachment_3815\" style=\"width: 575px\" class=\"wp-caption aligncenter\"><img loading=\"lazy\" decoding=\"async\" aria-describedby=\"caption-attachment-3815\" class=\" wp-image-3815\" src=\"https:\/\/www.esportesbrasilia.com.br\/noticias\/wp-content\/uploads\/31458384876_bc6cd290b7_o-300x200.jpg\" alt=\"07\/12\/2016 - Pr\u00eamio Paral\u00edmpicos 2016 - Rio de Janeiro, RJ - . \u00a9Daniel Zappe\/MPIX\/CPB\" width=\"565\" height=\"376\" srcset=\"https:\/\/www.esportesbrasilia.com.br\/noticias\/wp-content\/uploads\/31458384876_bc6cd290b7_o-300x200.jpg 300w, https:\/\/www.esportesbrasilia.com.br\/noticias\/wp-content\/uploads\/31458384876_bc6cd290b7_o-768x512.jpg 768w, https:\/\/www.esportesbrasilia.com.br\/noticias\/wp-content\/uploads\/31458384876_bc6cd290b7_o-1024x683.jpg 1024w, https:\/\/www.esportesbrasilia.com.br\/noticias\/wp-content\/uploads\/31458384876_bc6cd290b7_o-696x464.jpg 696w, https:\/\/www.esportesbrasilia.com.br\/noticias\/wp-content\/uploads\/31458384876_bc6cd290b7_o-1068x712.jpg 1068w, https:\/\/www.esportesbrasilia.com.br\/noticias\/wp-content\/uploads\/31458384876_bc6cd290b7_o-630x420.jpg 630w\" sizes=\"auto, (max-width: 565px) 100vw, 565px\" \/><p id=\"caption-attachment-3815\" class=\"wp-caption-text\">07\/12\/2016 &#8211; Pr\u00eamio Paral\u00edmpicos 2016 &#8211; Rio de Janeiro, RJ &#8211; . \u00a9Daniel Zappe\/MPIX\/CPB<\/p><\/div>\n","protected":false},"excerpt":{"rendered":"<p>*Com informa\u00e7\u00f5es do CPB Por meio de vota\u00e7\u00e3o popular, a saltadora em dist\u00e2ncia Silv\u00e2nia Costa e o\u00a0\u00a0velocista Petr\u00facio Ferreira foram os grandes premiados como melhores atletas de 2016. A festa do esporte paral\u00edmpico aconteceu na noite desta quarta-feira (7), no Rio de Janeiro. Entre as mulheres, Silv\u00e2nia, que conquistou o ouro no Rio de Janeiro, [&hellip;]<\/p>\n","protected":false},"author":13,"featured_media":3811,"comment_status":"open","ping_status":"closed","sticky":false,"template":"","format":"standard","meta":{"footnotes":""},"categories":[30],"tags":[],"class_list":["post-3810","post","type-post","status-publish","format-standard","has-post-thumbnail","hentry","category-esporteparalimpico"],"_links":{"self":[{"href":"https:\/\/www.esportesbrasilia.com.br\/noticias\/wp-json\/wp\/v2\/posts\/3810","targetHints":{"allow":["GET"]}}],"collection":[{"href":"https:\/\/www.esportesbrasilia.com.br\/noticias\/wp-json\/wp\/v2\/posts"}],"about":[{"href":"https:\/\/www.esportesbrasilia.com.br\/noticias\/wp-json\/wp\/v2\/types\/post"}],"author":[{"embeddable":true,"href":"https:\/\/www.esportesbrasilia.com.br\/noticias\/wp-json\/wp\/v2\/users\/13"}],"replies":[{"embeddable":true,"href":"https:\/\/www.esportesbrasilia.com.br\/noticias\/wp-json\/wp\/v2\/comments?post=3810"}],"version-history":[{"count":5,"href":"https:\/\/www.esportesbrasilia.com.br\/noticias\/wp-json\/wp\/v2\/posts\/3810\/revisions"}],"predecessor-version":[{"id":3820,"href":"https:\/\/www.esportesbrasilia.com.br\/noticias\/wp-json\/wp\/v2\/posts\/3810\/revisions\/3820"}],"wp:featuredmedia":[{"embeddable":true,"href":"https:\/\/www.esportesbrasilia.com.br\/noticias\/wp-json\/wp\/v2\/media\/3811"}],"wp:attachment":[{"href":"https:\/\/www.esportesbrasilia.com.br\/noticias\/wp-json\/wp\/v2\/media?parent=3810"}],"wp:term":[{"taxonomy":"category","embeddable":true,"href":"https:\/\/www.esportesbrasilia.com.br\/noticias\/wp-json\/wp\/v2\/categories?post=3810"},{"taxonomy":"post_tag","embeddable":true,"href":"https:\/\/www.esportesbrasilia.com.br\/noticias\/wp-json\/wp\/v2\/tags?post=3810"}],"curies":[{"name":"wp","href":"https:\/\/api.w.org\/{rel}","templated":true}]}}