{"id":3772,"date":"2016-11-29T17:33:00","date_gmt":"2016-11-29T20:33:00","guid":{"rendered":"http:\/\/www.esportesbrasilia.com.br\/noticias\/?p=3772"},"modified":"2016-11-29T17:57:57","modified_gmt":"2016-11-29T20:57:57","slug":"brasilia-volei-realiza-acao-social-antes-de-encarar-o-praia-clube","status":"publish","type":"post","link":"https:\/\/www.esportesbrasilia.com.br\/noticias\/volei\/brasilia-volei-realiza-acao-social-antes-de-encarar-o-praia-clube.html","title":{"rendered":"Bras\u00edlia V\u00f4lei realiza a\u00e7\u00e3o social antes de encarar o Praia Clube"},"content":{"rendered":"<p>Fonte:Bras\u00edlia V\u00f4lei<\/p>\n<p>O \u00faltimo treino do Terracap\/BRB\/Bras\u00edlia V\u00f4lei no Gin\u00e1sio do SESI-Taguatinga foi diferente. Antes de embarcar para Uberl\u00e2ndia (MG), na manh\u00e3 desta ter\u00e7a-feira (29), onde enfrentar\u00e1 o Dentil\/Praia Clube, o elenco treinado por Anderson Rodrigues fez a alegria das crian\u00e7as do <strong>Abrigo Casa do Caminho, <\/strong>em Taguatinga. Cada uma das atletas e comiss\u00e3o t\u00e9cnica apadrinhou uma crian\u00e7a e comprou um presente, entregues ao final do treino para Ana Cl\u00e1udia, uma das volunt\u00e1rias respons\u00e1vel pelo apoio \u00e0 a\u00e7\u00e3o do Bras\u00edlia.<\/p>\n<p>A iniciativa veio de Anderson. O mineiro sempre gostou de ajudar jovens carentes e encontrou no Distrito Federal a oportunidade de fazer o natal dessas crian\u00e7as mais especial. Em reuni\u00e3o com a diretoria e as atletas, o Terracap\/BRB\/Bras\u00edlia V\u00f4lei decidiu doar brinquedos para as cerca de 29 crian\u00e7as que, por motivos judiciais, foram acolhidas pela Casa do Caminho, institui\u00e7\u00e3o sem fins lucrativos. Ana Cl\u00e1udia disse que \u201cfoi um ato muito especial pela representatividade do Bras\u00edlia e a alegria e atitude de ajudar ao pr\u00f3ximo\u201d. \u00a0A Casa do Caminho ainda ganhou dez camisas oficiais do Bras\u00edlia.<\/p>\n<p>Mesmo com a agenda cheia de compromissos e partidas, Anderson pretende conhecer o projeto de perto. \u201cTemos a ideia de ir visitar e conhecer essas crian\u00e7as. Saber da hist\u00f3ria de cada uma. Devem ser hist\u00f3rias sofridas, mas que possamos levar inspira\u00e7\u00e3o e alegria para que consigam seguir os melhores caminhos. Vamos dar um jeito de arrumar nossa agenda para fazer essa visita. Temos que ter descanso, mas tamb\u00e9m devemos fazer a\u00e7\u00f5es como esta\u201d, explica o comandante.<\/p>\n<p>Anderson tamb\u00e9m conta de onde surgiu a ideia de apadrinhar o Casa do Caminho. \u201cJ\u00e1 conhecia a Ana Cl\u00e1udia, conversamos, dei a ideia e as atletas e diretoria compraram. A Ana nos passou uma lista com os nomes das crian\u00e7as e fizemos um sorteio para poder comprar os presentes. Coisas boas sempre geram coisas boas. Vivemos um momento especial e sempre que se faz uma boa a\u00e7\u00e3o, logo depois vem uma recompensa.\u201d<\/p>\n<p>A ponteira Amanda Campos completa o discurso do treinador. \u201cApesar de termos uma vida corrida, sempre paramos para pensar no pr\u00f3ximo. \u00c9 uma forma de incentivo para todos. Ainda mais porque \u00e9 um momento de final de ano, de reflex\u00e3o e um tempinho que temos para tirar e comprar presentes para pessoas carentes \u00e9 muito v\u00e1lido. Quer\u00edamos muito poder ir ao Abrigo ou que as crian\u00e7as pudessem vir, mas temos o problema de log\u00edstica. \u00c9 nossa obriga\u00e7\u00e3o conhece-los para que as crian\u00e7as sintam que somos presentes, n\u00e3o como \u00eddolos, mas como seres humanos\u201d, enfatiza a camisa 13.<\/p>\n<p><strong>Pr\u00f3ximo compromisso: Dentil\/Praia Clube<\/strong><\/p>\n<p>J\u00e1 em Uberl\u00e2ndia, o Terracap\/BRB\/Bras\u00edlia V\u00f4lei enfrenta o Dentil\/Praia Clube nesta quarta-feira (30), \u00e0s 19h, no Praia Clube. A partida \u00e9 v\u00e1lida pela s\u00e9tima rodada da Superliga e ter\u00e1 transmiss\u00e3o ao vivo pelo SporTV.<\/p>\n<p>Com uma campanha de cinco vit\u00f3rias e uma derrota, o Bras\u00edlia tentar\u00e1 buscar o feito de vencer o atual vice-campe\u00e3o fora de casa, o que poderia garantir a segunda coloca\u00e7\u00e3o para as brasilienses (caso ven\u00e7a por 3 x 0 ou 3 x 1). O \u00fanico desfalque \u00e9 a levantadora Michelle Duarte, que sentiu uma contratura no reto femural esquerdo. A previs\u00e3o \u00e9 que a jogadora se recupere r\u00e1pido e seja liberada para o jogo contra o Rexona-Sesc.<\/p>\n<p>\u201cEstamos em uma crescente, mas isso n\u00e3o significa que somos os favoritos, de forma alguma. Enfrentaremos na sequencia os dois candidatos ao t\u00edtulo \u2013 o Praia agora e depois o Rexona-Sesc \u2013 e ser\u00e3o advers\u00e1rios dur\u00edssimos. Por outro lado, s\u00e3o partidas boas de se jogar e mesmo que o favoritismo seja delas, nossa prepara\u00e7\u00e3o n\u00e3o est\u00e1 mudando. Estamos com a mesma aten\u00e7\u00e3o, foco e vontade de vencer em todas as rodadas\u201d, ressaltou a oposta Andr\u00e9ia Sforzin.<\/p>\n<p>Anderson cobra uma boa atua\u00e7\u00e3o do grupo, independente do placar. \u201cCorremos sempre atr\u00e1s do melhor resultado e n\u00e3o podemos nos dar ao luxo de jogar mal, temos de jogar bem sempre, principalmente quando nos d\u00e3o oportunidade de matar o jogo. O Praia foi montado para ser campe\u00e3o e n\u00f3s estamos buscando nosso lugar. \u00c9 importante estarmos atentos tamb\u00e9m com o f\u00edsico das atletas porque s\u00e3o jogos muito desgastantes e as les\u00f5es, infelizmente, fazem parte do esporte\u201d, finalizou.<\/p>\n<p><strong>Confira os resultados do Terracap\/BRB\/Bras\u00edlia V\u00f4lei:<\/strong><\/p>\n<p><strong>28\/10 (19h30) \u2013 Pinheiros 0 x 3 Terracap\/BRB\/Bras\u00edlia V\u00f4lei<\/strong><\/p>\n<p><strong>05\/11 (18h) \u2013 Terracap\/BRB\/Bras\u00edlia V\u00f4lei 3 x 0 SESI-SP<\/strong><\/p>\n<p>9\/11 (19h) \u2013 Rio do Sul 3 x 0 Terracap\/BRB\/Bras\u00edlia V\u00f4lei<\/p>\n<p><strong>18\/11 (20h) \u2013 Fluminense 0 x\u00a0 3 Terracap\/BRB\/Bras\u00edlia V\u00f4lei<\/strong><\/p>\n<p><strong>22\/11 (20h) \u2013 Terracap\/BRB\/Bras\u00edlia V\u00f4lei 3 x 0 V\u00f4lei Nestl\u00e9<\/strong><\/p>\n<p><strong>25\/11\/16 (20h) \u2013 Camponesa\/Minas 0 x 3 Terracap\/BRB\/Bras\u00edlia V\u00f4lei<\/strong><\/p>\n<p>30\/11\/16 (19h) \u2013 Dentil\/Praia Clube x Terracap\/BRB\/Bras\u00edlia V\u00f4lei<\/p>\n","protected":false},"excerpt":{"rendered":"<p>Fonte:Bras\u00edlia V\u00f4lei O \u00faltimo treino do Terracap\/BRB\/Bras\u00edlia V\u00f4lei no Gin\u00e1sio do SESI-Taguatinga foi diferente. Antes de embarcar para Uberl\u00e2ndia (MG), na manh\u00e3 desta ter\u00e7a-feira (29), onde enfrentar\u00e1 o Dentil\/Praia Clube, o elenco treinado por Anderson Rodrigues fez a alegria das crian\u00e7as do Abrigo Casa do Caminho, em Taguatinga. Cada uma das atletas e comiss\u00e3o t\u00e9cnica [&hellip;]<\/p>\n","protected":false},"author":1,"featured_media":3773,"comment_status":"open","ping_status":"closed","sticky":false,"template":"","format":"standard","meta":{"footnotes":""},"categories":[11],"tags":[],"class_list":["post-3772","post","type-post","status-publish","format-standard","has-post-thumbnail","hentry","category-volei"],"_links":{"self":[{"href":"https:\/\/www.esportesbrasilia.com.br\/noticias\/wp-json\/wp\/v2\/posts\/3772","targetHints":{"allow":["GET"]}}],"collection":[{"href":"https:\/\/www.esportesbrasilia.com.br\/noticias\/wp-json\/wp\/v2\/posts"}],"about":[{"href":"https:\/\/www.esportesbrasilia.com.br\/noticias\/wp-json\/wp\/v2\/types\/post"}],"author":[{"embeddable":true,"href":"https:\/\/www.esportesbrasilia.com.br\/noticias\/wp-json\/wp\/v2\/users\/1"}],"replies":[{"embeddable":true,"href":"https:\/\/www.esportesbrasilia.com.br\/noticias\/wp-json\/wp\/v2\/comments?post=3772"}],"version-history":[{"count":2,"href":"https:\/\/www.esportesbrasilia.com.br\/noticias\/wp-json\/wp\/v2\/posts\/3772\/revisions"}],"predecessor-version":[{"id":3775,"href":"https:\/\/www.esportesbrasilia.com.br\/noticias\/wp-json\/wp\/v2\/posts\/3772\/revisions\/3775"}],"wp:featuredmedia":[{"embeddable":true,"href":"https:\/\/www.esportesbrasilia.com.br\/noticias\/wp-json\/wp\/v2\/media\/3773"}],"wp:attachment":[{"href":"https:\/\/www.esportesbrasilia.com.br\/noticias\/wp-json\/wp\/v2\/media?parent=3772"}],"wp:term":[{"taxonomy":"category","embeddable":true,"href":"https:\/\/www.esportesbrasilia.com.br\/noticias\/wp-json\/wp\/v2\/categories?post=3772"},{"taxonomy":"post_tag","embeddable":true,"href":"https:\/\/www.esportesbrasilia.com.br\/noticias\/wp-json\/wp\/v2\/tags?post=3772"}],"curies":[{"name":"wp","href":"https:\/\/api.w.org\/{rel}","templated":true}]}}