{"id":3648,"date":"2016-11-03T13:38:42","date_gmt":"2016-11-03T16:38:42","guid":{"rendered":"http:\/\/www.esportesbrasilia.com.br\/noticias\/?p=3648"},"modified":"2016-11-03T15:41:40","modified_gmt":"2016-11-03T18:41:40","slug":"uniceubbrasilia-vence-guaros-de-lara-mas-e-eliminado-na-liga-sul-americana","status":"publish","type":"post","link":"https:\/\/www.esportesbrasilia.com.br\/noticias\/basquete\/uniceubbrasilia-vence-guaros-de-lara-mas-e-eliminado-na-liga-sul-americana.html","title":{"rendered":"UniCEUB\/Bras\u00edlia vence Guaros de Lara, mas \u00e9 eliminado na Liga Sul-Americana"},"content":{"rendered":"<p>Fonte: Objetiva Comunica\u00e7\u00e3o<\/p>\n<p>Antes de a bola subir, o cen\u00e1rio era desanimador. Cinco atletas \u2013 entre eles, tr\u00eas titulares \u2013 sem condi\u00e7\u00e3o de jogo. Deryk, Giovannoni, Jefferson e R\u00f4mulo com intoxica\u00e7\u00e3o alimentar. F\u00falvio com uma tor\u00e7\u00e3o no p\u00e9 direito. Pela frente, o Guaros de Lara, atual campe\u00e3o Intercontinental e da Liga das Am\u00e9ricas. Nada disso bastou para deter o UniCEUB\/Bras\u00edlia, que na noite desta quarta-feira (2) venceu por 100 a 77.<\/p>\n<p>Mesmo com a vit\u00f3ria, o Time de Lobos foi eliminado da Liga Sul-Americana ainda com uma partida por jogar. Nesta quinta-feira (3), \u00e0s 23h15, o UniCEUB\/Bras\u00edlia enfrenta o Ol\u00edmpico de La Banda.<\/p>\n<p>O Bah\u00eda Basket \u00e9 o primeiro finalista da competi\u00e7\u00e3o. Mesmo que na \u00faltima rodada os argentinos saiam derrotados e os brasilienses alcancem a vit\u00f3ria, ambos ficariam empatados com cinco pontos. E o crit\u00e9rio de desempate \u00e9 o confronto direto entre as equipes, que d\u00e1 vantagem ao Bah\u00eda.<\/p>\n<p>Dois dos jogadores que se sentiram mal antes da partida foram decisivos. Jefferson Campos teve noite irretoc\u00e1vel: cestinha do jogo com 24 pontos, sete rebotes, cinco assist\u00eancias. Aproveitamento de 56% nos arremessos. Deryk anotou 15 pontos e distribuiu seis assist\u00eancias. A performance coletiva da equipe chamou aten\u00e7\u00e3o: mais outros dois atletas conseguiram d\u00edgitos duplos na pontua\u00e7\u00e3o. Lucas Mariano marcou 19 pontos e Giovannoni anotou outros 10.<\/p>\n<p>Com dores em todo o corpo desde a manh\u00e3 desta quarta-feira (2), a previs\u00e3o era de que o armador Deryk Ramos n\u00e3o entrasse em quadra. Foi o que apresentou os piores sintomas. N\u00e3o treinou com o resto do grupo, ficou no hotel durante todo o tempo, chegou a tomar soro. Giovannoni tamb\u00e9m apresentou queixas, n\u00e3o conseguiu ao menos aquecer antes do jogo. Mesmo assim, ambos decidiram entrar em quadra para tentar ajudar a equipe.<\/p>\n<p>Essa atitude de vencer todas as adversidades deixou o t\u00e9cnico Bruno Savignani orgulhoso do elenco. \u201cO time foi sensacional, muito aguerrido, unido para superar todos os problemas. Corremos muito durante o tempo inteiro, defendemos muito bem e abrimos uma vantagem no placar muito importante. Agora \u00e9 descansar que amanh\u00e3 tem mais um jogo importante pela frente\u201d, elogiou o comandante do Time de Lobos.<\/p>\n<p>Em quadra, a presen\u00e7a dos jogadores que se sentiram mal horas antes foi crucial para motivar a equipe, combust\u00edvel que o UniCEUB\/Bras\u00edlia precisava para buscar a vit\u00f3ria. Deryk, visivelmente longe das melhores condi\u00e7\u00f5es f\u00edsicas, comandou o ataque, acertando importantes quatro bolas de tr\u00eas pontos. Jefferson emplacou um contra-ataque que terminou em uma enterrada desmoralizadora.<\/p>\n<p>Confian\u00e7a que atingiu at\u00e9 os mais jovens do elenco. No estouro do rel\u00f3gio no terceiro per\u00edodo, o armador Pedro Mendon\u00e7a acertou uma cesta da pontua\u00e7\u00e3o m\u00e1xima.<\/p>\n<p>\u201cA gente sabia da import\u00e2ncia desse momento, era um jogo de vida ou morte. Esperei at\u00e9 os minutos antes da partida para ver como me sentia. Eu queria contribuir, ajudar meus companheiros nessa partida decisiva. Fiz o meu melhor, e fico muito feliz de ajudar a construir essa vit\u00f3ria\u201d, comemorou Jefferson Campos.<\/p>\n","protected":false},"excerpt":{"rendered":"<p>Fonte: Objetiva Comunica\u00e7\u00e3o Antes de a bola subir, o cen\u00e1rio era desanimador. Cinco atletas \u2013 entre eles, tr\u00eas titulares \u2013 sem condi\u00e7\u00e3o de jogo. Deryk, Giovannoni, Jefferson e R\u00f4mulo com intoxica\u00e7\u00e3o alimentar. F\u00falvio com uma tor\u00e7\u00e3o no p\u00e9 direito. Pela frente, o Guaros de Lara, atual campe\u00e3o Intercontinental e da Liga das Am\u00e9ricas. Nada disso [&hellip;]<\/p>\n","protected":false},"author":1,"featured_media":3649,"comment_status":"open","ping_status":"closed","sticky":false,"template":"","format":"standard","meta":{"footnotes":""},"categories":[12],"tags":[],"class_list":["post-3648","post","type-post","status-publish","format-standard","has-post-thumbnail","hentry","category-basquete"],"_links":{"self":[{"href":"https:\/\/www.esportesbrasilia.com.br\/noticias\/wp-json\/wp\/v2\/posts\/3648","targetHints":{"allow":["GET"]}}],"collection":[{"href":"https:\/\/www.esportesbrasilia.com.br\/noticias\/wp-json\/wp\/v2\/posts"}],"about":[{"href":"https:\/\/www.esportesbrasilia.com.br\/noticias\/wp-json\/wp\/v2\/types\/post"}],"author":[{"embeddable":true,"href":"https:\/\/www.esportesbrasilia.com.br\/noticias\/wp-json\/wp\/v2\/users\/1"}],"replies":[{"embeddable":true,"href":"https:\/\/www.esportesbrasilia.com.br\/noticias\/wp-json\/wp\/v2\/comments?post=3648"}],"version-history":[{"count":1,"href":"https:\/\/www.esportesbrasilia.com.br\/noticias\/wp-json\/wp\/v2\/posts\/3648\/revisions"}],"predecessor-version":[{"id":3650,"href":"https:\/\/www.esportesbrasilia.com.br\/noticias\/wp-json\/wp\/v2\/posts\/3648\/revisions\/3650"}],"wp:featuredmedia":[{"embeddable":true,"href":"https:\/\/www.esportesbrasilia.com.br\/noticias\/wp-json\/wp\/v2\/media\/3649"}],"wp:attachment":[{"href":"https:\/\/www.esportesbrasilia.com.br\/noticias\/wp-json\/wp\/v2\/media?parent=3648"}],"wp:term":[{"taxonomy":"category","embeddable":true,"href":"https:\/\/www.esportesbrasilia.com.br\/noticias\/wp-json\/wp\/v2\/categories?post=3648"},{"taxonomy":"post_tag","embeddable":true,"href":"https:\/\/www.esportesbrasilia.com.br\/noticias\/wp-json\/wp\/v2\/tags?post=3648"}],"curies":[{"name":"wp","href":"https:\/\/api.w.org\/{rel}","templated":true}]}}