{"id":3517,"date":"2016-09-30T19:18:07","date_gmt":"2016-09-30T22:18:07","guid":{"rendered":"http:\/\/www.esportesbrasilia.com.br\/noticias\/?p=3517"},"modified":"2016-09-30T17:23:51","modified_gmt":"2016-09-30T20:23:51","slug":"uniceubbrasilia-viaja-para-amistosos-em-minas-gerais","status":"publish","type":"post","link":"https:\/\/www.esportesbrasilia.com.br\/noticias\/basquete\/uniceubbrasilia-viaja-para-amistosos-em-minas-gerais.html","title":{"rendered":"UniCEUB\/Bras\u00edlia viaja para amistosos em Minas Gerais"},"content":{"rendered":"<p>Fonte: Objetiva Comunica\u00e7\u00e3o<\/p>\n<p>Na reta final de prepara\u00e7\u00e3o para a Liga Sul-Americana, o UniCEUB\/Bras\u00edlia viajou nesta quinta-feira (29) para a disputa de um quadrangular amistoso em Contagem (MG). Al\u00e9m dos donos da casa, os brasilienses enfrentar\u00e3o Gin\u00e1stico, semifinalista da Liga Ouro em 2016, e Minas T\u00eanis Clube, advers\u00e1rio do NBB. As partidas come\u00e7am nesta sexta-feira (30\/9) e ocorrem at\u00e9 domingo (2\/10).<\/p>\n<p>\u00c9 a primeira vez nos amistosos de pr\u00e9-temporada em que o t\u00e9cnico Bruno Savignani ter\u00e1 \u00e0 disposi\u00e7\u00e3o todos os jogadores do elenco. Nos amistosos contra o Basquete Cearense, realizados no in\u00edcio de setembro, Guilherme Giovannoni (descanso ap\u00f3s Jogos Ol\u00edmpicos) e F\u00falvio Chiantia (infec\u00e7\u00e3o no tornozelo direito) se alternaram como desfalques.<\/p>\n<p>\u201cNestes amistosos eu quero melhorar o nosso entrosamento, criar mais ritmo ofensivo, caprichar na transi\u00e7\u00e3o entre defesa e ataque. Isso vai fazer a gente jogar melhor\u201d, avaliou o comandante do Time de Lobos, 12 dias antes da estreia na Liga Sul-Americana.<\/p>\n<p>Bruno elogiou a prepara\u00e7\u00e3o f\u00edsica dos jogadores e afirmou que a evolu\u00e7\u00e3o de rendimento dos atletas nos treinos est\u00e1 acima do esperado. \u201cEstou muito satisfeito com a prepara\u00e7\u00e3o da equipe para esta temporada, foi tudo planejado com anteced\u00eancia. A evolu\u00e7\u00e3o f\u00edsica dos jogadores foi muito grande e agora \u00e9 a hora de evoluir taticamente\u201d, finalizou o t\u00e9cnico.<\/p>\n<p>Destaque do UniCEUB\/Bras\u00edlia nos primeiros amistosos, o ala\/piv\u00f4 Lucas Mariano afirmou que o quadrangular amistoso pode ser decisivo para deixar uma \u00faltima boa impress\u00e3o na comiss\u00e3o t\u00e9cnica antes da disputa do torneio internacional, uma das principais ambi\u00e7\u00f5es dos brasilienses nesta temporada.<\/p>\n<p>\u201cFazer boas atua\u00e7\u00f5es agora podem deixar o jogador pr\u00f3ximo da vaga de titular. Na teoria o jogo n\u00e3o vale t\u00edtulo, mas todo mundo quer mostrar servi\u00e7o para o treinador, ganhar confian\u00e7a de que vai jogar sempre no n\u00edvel mais alto\u201d, explicou Lucas, cestinha de um dos confrontos contra o Basquete Cearense.<\/p>\n<p>Calend\u00e1rio<\/p>\n<p>30\/09 \u2013 19h &#8211; UniCEUB\/Cart\u00e3o BRB\/Bras\u00edlia x Gin\u00e1stico<br \/>\n1\/10 \u2013 16h &#8211; UniCEUB\/Cart\u00e3o BRB\/Bras\u00edlia x Minas T\u00eanis Clube<br \/>\n2\/10 \u2013 12h &#8211; UniCEUB\/Cart\u00e3o BRB\/Bras\u00edlia x Contagem<\/p>\n","protected":false},"excerpt":{"rendered":"<p>Fonte: Objetiva Comunica\u00e7\u00e3o Na reta final de prepara\u00e7\u00e3o para a Liga Sul-Americana, o UniCEUB\/Bras\u00edlia viajou nesta quinta-feira (29) para a disputa de um quadrangular amistoso em Contagem (MG). Al\u00e9m dos donos da casa, os brasilienses enfrentar\u00e3o Gin\u00e1stico, semifinalista da Liga Ouro em 2016, e Minas T\u00eanis Clube, advers\u00e1rio do NBB. As partidas come\u00e7am nesta sexta-feira [&hellip;]<\/p>\n","protected":false},"author":1,"featured_media":437,"comment_status":"open","ping_status":"closed","sticky":false,"template":"","format":"standard","meta":{"footnotes":""},"categories":[12],"tags":[],"class_list":["post-3517","post","type-post","status-publish","format-standard","has-post-thumbnail","hentry","category-basquete"],"_links":{"self":[{"href":"https:\/\/www.esportesbrasilia.com.br\/noticias\/wp-json\/wp\/v2\/posts\/3517","targetHints":{"allow":["GET"]}}],"collection":[{"href":"https:\/\/www.esportesbrasilia.com.br\/noticias\/wp-json\/wp\/v2\/posts"}],"about":[{"href":"https:\/\/www.esportesbrasilia.com.br\/noticias\/wp-json\/wp\/v2\/types\/post"}],"author":[{"embeddable":true,"href":"https:\/\/www.esportesbrasilia.com.br\/noticias\/wp-json\/wp\/v2\/users\/1"}],"replies":[{"embeddable":true,"href":"https:\/\/www.esportesbrasilia.com.br\/noticias\/wp-json\/wp\/v2\/comments?post=3517"}],"version-history":[{"count":1,"href":"https:\/\/www.esportesbrasilia.com.br\/noticias\/wp-json\/wp\/v2\/posts\/3517\/revisions"}],"predecessor-version":[{"id":3518,"href":"https:\/\/www.esportesbrasilia.com.br\/noticias\/wp-json\/wp\/v2\/posts\/3517\/revisions\/3518"}],"wp:featuredmedia":[{"embeddable":true,"href":"https:\/\/www.esportesbrasilia.com.br\/noticias\/wp-json\/wp\/v2\/media\/437"}],"wp:attachment":[{"href":"https:\/\/www.esportesbrasilia.com.br\/noticias\/wp-json\/wp\/v2\/media?parent=3517"}],"wp:term":[{"taxonomy":"category","embeddable":true,"href":"https:\/\/www.esportesbrasilia.com.br\/noticias\/wp-json\/wp\/v2\/categories?post=3517"},{"taxonomy":"post_tag","embeddable":true,"href":"https:\/\/www.esportesbrasilia.com.br\/noticias\/wp-json\/wp\/v2\/tags?post=3517"}],"curies":[{"name":"wp","href":"https:\/\/api.w.org\/{rel}","templated":true}]}}