{"id":3392,"date":"2016-09-21T11:48:19","date_gmt":"2016-09-21T14:48:19","guid":{"rendered":"http:\/\/www.esportesbrasilia.com.br\/noticias\/?p=3392"},"modified":"2016-09-21T11:51:26","modified_gmt":"2016-09-21T14:51:26","slug":"os-jogos-paralimpicos-em-imagens-parte-i","status":"publish","type":"post","link":"https:\/\/www.esportesbrasilia.com.br\/noticias\/galeria\/os-jogos-paralimpicos-em-imagens-parte-i.html","title":{"rendered":"Os Jogos Paral\u00edmpicos em imagens &#8211; Parte I"},"content":{"rendered":"<p>O fot\u00f3grafo Carlos Teixeira esteve no Rio de Janeiro, junto com o rep\u00f3rter Rener Lopes, acompanhando os Jogos Paral\u00edmpicos Rio 2016, representando a imprensa esportiva da capital federal.<\/p>\n<p>Em 60 imagens, divididas em tr\u00eas galerias, Carlos vai retratar o que foram os Jogos, s\u00edmbolo de uni\u00e3o entre os povos.<\/p>\n\n\t\t<style type=\"text\/css\">\n\t\t\t#gallery-1 {\n\t\t\t\tmargin: auto;\n\t\t\t}\n\t\t\t#gallery-1 .gallery-item {\n\t\t\t\tfloat: left;\n\t\t\t\tmargin-top: 10px;\n\t\t\t\ttext-align: center;\n\t\t\t\twidth: 33%;\n\t\t\t}\n\t\t\t#gallery-1 img {\n\t\t\t\tborder: 2px solid #cfcfcf;\n\t\t\t}\n\t\t\t#gallery-1 .gallery-caption {\n\t\t\t\tmargin-left: 0;\n\t\t\t}\n\t\t\t\/* see gallery_shortcode() in wp-includes\/media.php *\/\n\t\t<\/style>\n\t\t<div id='gallery-1' class='gallery galleryid-3392 gallery-columns-3 gallery-size-thumbnail'><dl class='gallery-item'>\n\t\t\t<dt class='gallery-icon landscape'>\n\t\t\t\t<a href='https:\/\/www.esportesbrasilia.com.br\/noticias\/wp-content\/uploads\/14305393_738748016264530_2386576373157960873_o.jpg'><img loading=\"lazy\" decoding=\"async\" width=\"150\" height=\"150\" src=\"https:\/\/www.esportesbrasilia.com.br\/noticias\/wp-content\/uploads\/14305393_738748016264530_2386576373157960873_o-150x150.jpg\" class=\"attachment-thumbnail size-thumbnail\" alt=\"\" aria-describedby=\"gallery-1-3400\" \/><\/a>\n\t\t\t<\/dt>\n\t\t\t\t<dd class='wp-caption-text gallery-caption' id='gallery-1-3400'>\n\t\t\t\tFoto: Carlos Teixeira\/Ag\u00eancia EB\n\t\t\t\t<\/dd><\/dl><dl class='gallery-item'>\n\t\t\t<dt class='gallery-icon landscape'>\n\t\t\t\t<a href='https:\/\/www.esportesbrasilia.com.br\/noticias\/wp-content\/uploads\/14311446_740046049468060_8197948715920849872_o-1.jpg'><img loading=\"lazy\" decoding=\"async\" width=\"150\" height=\"150\" src=\"https:\/\/www.esportesbrasilia.com.br\/noticias\/wp-content\/uploads\/14311446_740046049468060_8197948715920849872_o-1-150x150.jpg\" class=\"attachment-thumbnail size-thumbnail\" alt=\"\" aria-describedby=\"gallery-1-3403\" \/><\/a>\n\t\t\t<\/dt>\n\t\t\t\t<dd class='wp-caption-text gallery-caption' id='gallery-1-3403'>\n\t\t\t\tFoto: Carlos Teixeira\/Ag\u00eancia EB\n\t\t\t\t<\/dd><\/dl><dl class='gallery-item'>\n\t\t\t<dt class='gallery-icon landscape'>\n\t\t\t\t<a href='https:\/\/www.esportesbrasilia.com.br\/noticias\/wp-content\/uploads\/14324302_740045002801498_7028615319045140668_o.jpg'><img loading=\"lazy\" decoding=\"async\" width=\"150\" height=\"150\" src=\"https:\/\/www.esportesbrasilia.com.br\/noticias\/wp-content\/uploads\/14324302_740045002801498_7028615319045140668_o-150x150.jpg\" class=\"attachment-thumbnail size-thumbnail\" alt=\"\" aria-describedby=\"gallery-1-3406\" \/><\/a>\n\t\t\t<\/dt>\n\t\t\t\t<dd class='wp-caption-text gallery-caption' id='gallery-1-3406'>\n\t\t\t\tFoto: Carlos Teixeira\/Ag\u00eancia EB\n\t\t\t\t<\/dd><\/dl><br style=\"clear: both\" \/><dl class='gallery-item'>\n\t\t\t<dt class='gallery-icon landscape'>\n\t\t\t\t<a href='https:\/\/www.esportesbrasilia.com.br\/noticias\/wp-content\/uploads\/14324580_740042959468369_2426276510274017425_o.jpg'><img loading=\"lazy\" decoding=\"async\" width=\"150\" height=\"150\" src=\"https:\/\/www.esportesbrasilia.com.br\/noticias\/wp-content\/uploads\/14324580_740042959468369_2426276510274017425_o-150x150.jpg\" class=\"attachment-thumbnail size-thumbnail\" alt=\"\" aria-describedby=\"gallery-1-3408\" \/><\/a>\n\t\t\t<\/dt>\n\t\t\t\t<dd class='wp-caption-text gallery-caption' id='gallery-1-3408'>\n\t\t\t\tFoto: Carlos Teixeira\/Ag\u00eancia EB\n\t\t\t\t<\/dd><\/dl><dl class='gallery-item'>\n\t\t\t<dt class='gallery-icon landscape'>\n\t\t\t\t<a href='https:\/\/www.esportesbrasilia.com.br\/noticias\/wp-content\/uploads\/14324108_739917256147606_1146353568251883003_o-1.jpg'><img loading=\"lazy\" decoding=\"async\" width=\"150\" height=\"150\" src=\"https:\/\/www.esportesbrasilia.com.br\/noticias\/wp-content\/uploads\/14324108_739917256147606_1146353568251883003_o-1-150x150.jpg\" class=\"attachment-thumbnail size-thumbnail\" alt=\"\" aria-describedby=\"gallery-1-3404\" \/><\/a>\n\t\t\t<\/dt>\n\t\t\t\t<dd class='wp-caption-text gallery-caption' id='gallery-1-3404'>\n\t\t\t\tFoto: Carlos Teixeira\/Ag\u00eancia EB\n\t\t\t\t<\/dd><\/dl><dl class='gallery-item'>\n\t\t\t<dt class='gallery-icon landscape'>\n\t\t\t\t<a href='https:\/\/www.esportesbrasilia.com.br\/noticias\/wp-content\/uploads\/14352052_739914542814544_6878170782257251076_o-1.jpg'><img loading=\"lazy\" decoding=\"async\" width=\"150\" height=\"150\" src=\"https:\/\/www.esportesbrasilia.com.br\/noticias\/wp-content\/uploads\/14352052_739914542814544_6878170782257251076_o-1-150x150.jpg\" class=\"attachment-thumbnail size-thumbnail\" alt=\"\" aria-describedby=\"gallery-1-3394\" \/><\/a>\n\t\t\t<\/dt>\n\t\t\t\t<dd class='wp-caption-text gallery-caption' id='gallery-1-3394'>\n\t\t\t\tFoto: Carlos Teixeira\/Ag\u00eancia EB\n\t\t\t\t<\/dd><\/dl><br style=\"clear: both\" \/><dl class='gallery-item'>\n\t\t\t<dt class='gallery-icon landscape'>\n\t\t\t\t<a href='https:\/\/www.esportesbrasilia.com.br\/noticias\/wp-content\/uploads\/14289772_738746782931320_8324011072827787976_o-1.jpg'><img loading=\"lazy\" decoding=\"async\" width=\"150\" height=\"150\" src=\"https:\/\/www.esportesbrasilia.com.br\/noticias\/wp-content\/uploads\/14289772_738746782931320_8324011072827787976_o-1-150x150.jpg\" class=\"attachment-thumbnail size-thumbnail\" alt=\"\" aria-describedby=\"gallery-1-3397\" \/><\/a>\n\t\t\t<\/dt>\n\t\t\t\t<dd class='wp-caption-text gallery-caption' id='gallery-1-3397'>\n\t\t\t\tFoto: Carlos Teixeira\/Ag\u00eancia EB\n\t\t\t\t<\/dd><\/dl><dl class='gallery-item'>\n\t\t\t<dt class='gallery-icon landscape'>\n\t\t\t\t<a href='https:\/\/www.esportesbrasilia.com.br\/noticias\/wp-content\/uploads\/14311224_738748116264520_7984180581687841593_o-1.jpg'><img loading=\"lazy\" decoding=\"async\" width=\"150\" height=\"150\" src=\"https:\/\/www.esportesbrasilia.com.br\/noticias\/wp-content\/uploads\/14311224_738748116264520_7984180581687841593_o-1-150x150.jpg\" class=\"attachment-thumbnail size-thumbnail\" alt=\"\" aria-describedby=\"gallery-1-3401\" \/><\/a>\n\t\t\t<\/dt>\n\t\t\t\t<dd class='wp-caption-text gallery-caption' id='gallery-1-3401'>\n\t\t\t\tFoto: Carlos Teixeira\/Ag\u00eancia EB\n\t\t\t\t<\/dd><\/dl><dl class='gallery-item'>\n\t\t\t<dt class='gallery-icon landscape'>\n\t\t\t\t<a href='https:\/\/www.esportesbrasilia.com.br\/noticias\/wp-content\/uploads\/14352122_740035522802446_5004529851339962684_o_1.jpg'><img loading=\"lazy\" decoding=\"async\" width=\"150\" height=\"150\" src=\"https:\/\/www.esportesbrasilia.com.br\/noticias\/wp-content\/uploads\/14352122_740035522802446_5004529851339962684_o_1-150x150.jpg\" class=\"attachment-thumbnail size-thumbnail\" alt=\"\" aria-describedby=\"gallery-1-3396\" \/><\/a>\n\t\t\t<\/dt>\n\t\t\t\t<dd class='wp-caption-text gallery-caption' id='gallery-1-3396'>\n\t\t\t\tFoto: Carlos Teixeira\/Ag\u00eancia EB\n\t\t\t\t<\/dd><\/dl><br style=\"clear: both\" \/><dl class='gallery-item'>\n\t\t\t<dt class='gallery-icon landscape'>\n\t\t\t\t<a href='https:\/\/www.esportesbrasilia.com.br\/noticias\/wp-content\/uploads\/14352122_740035522802446_5004529851339962684_o.jpg'><img loading=\"lazy\" decoding=\"async\" width=\"150\" height=\"150\" src=\"https:\/\/www.esportesbrasilia.com.br\/noticias\/wp-content\/uploads\/14352122_740035522802446_5004529851339962684_o-150x150.jpg\" class=\"attachment-thumbnail size-thumbnail\" alt=\"\" aria-describedby=\"gallery-1-3395\" \/><\/a>\n\t\t\t<\/dt>\n\t\t\t\t<dd class='wp-caption-text gallery-caption' id='gallery-1-3395'>\n\t\t\t\tFoto: Carlos Teixeira\/Ag\u00eancia EB\n\t\t\t\t<\/dd><\/dl><dl class='gallery-item'>\n\t\t\t<dt class='gallery-icon landscape'>\n\t\t\t\t<a href='https:\/\/www.esportesbrasilia.com.br\/noticias\/wp-content\/uploads\/14324316_739916022814396_5566788638371368858_o.jpg'><img loading=\"lazy\" decoding=\"async\" width=\"150\" height=\"150\" src=\"https:\/\/www.esportesbrasilia.com.br\/noticias\/wp-content\/uploads\/14324316_739916022814396_5566788638371368858_o-150x150.jpg\" class=\"attachment-thumbnail size-thumbnail\" alt=\"\" aria-describedby=\"gallery-1-3407\" \/><\/a>\n\t\t\t<\/dt>\n\t\t\t\t<dd class='wp-caption-text gallery-caption' id='gallery-1-3407'>\n\t\t\t\tFoto: Carlos Teixeira\/Ag\u00eancia EB&#8217;\n\t\t\t\t<\/dd><\/dl><dl class='gallery-item'>\n\t\t\t<dt class='gallery-icon landscape'>\n\t\t\t\t<a href='https:\/\/www.esportesbrasilia.com.br\/noticias\/wp-content\/uploads\/14311277_738745969598068_2944660154145487558_o-1.jpg'><img loading=\"lazy\" decoding=\"async\" width=\"150\" height=\"150\" src=\"https:\/\/www.esportesbrasilia.com.br\/noticias\/wp-content\/uploads\/14311277_738745969598068_2944660154145487558_o-1-150x150.jpg\" class=\"attachment-thumbnail size-thumbnail\" alt=\"\" aria-describedby=\"gallery-1-3402\" \/><\/a>\n\t\t\t<\/dt>\n\t\t\t\t<dd class='wp-caption-text gallery-caption' id='gallery-1-3402'>\n\t\t\t\tFoto: Carlos Teixeira\/Ag\u00eancia EB\n\t\t\t\t<\/dd><\/dl><br style=\"clear: both\" \/><dl class='gallery-item'>\n\t\t\t<dt class='gallery-icon landscape'>\n\t\t\t\t<a href='https:\/\/www.esportesbrasilia.com.br\/noticias\/wp-content\/uploads\/14305312_738744792931519_3697836520892188719_o-1.jpg'><img loading=\"lazy\" decoding=\"async\" width=\"150\" height=\"150\" src=\"https:\/\/www.esportesbrasilia.com.br\/noticias\/wp-content\/uploads\/14305312_738744792931519_3697836520892188719_o-1-150x150.jpg\" class=\"attachment-thumbnail size-thumbnail\" alt=\"\" aria-describedby=\"gallery-1-3398\" \/><\/a>\n\t\t\t<\/dt>\n\t\t\t\t<dd class='wp-caption-text gallery-caption' id='gallery-1-3398'>\n\t\t\t\tFoto: Carlos Teixeira\/Ag\u00eancia EB\n\t\t\t\t<\/dd><\/dl><dl class='gallery-item'>\n\t\t\t<dt class='gallery-icon landscape'>\n\t\t\t\t<a href='https:\/\/www.esportesbrasilia.com.br\/noticias\/wp-content\/uploads\/14305369_738747176264614_6037437182977751419_o-1.jpg'><img loading=\"lazy\" decoding=\"async\" width=\"150\" height=\"150\" src=\"https:\/\/www.esportesbrasilia.com.br\/noticias\/wp-content\/uploads\/14305369_738747176264614_6037437182977751419_o-1-150x150.jpg\" class=\"attachment-thumbnail size-thumbnail\" alt=\"\" aria-describedby=\"gallery-1-3399\" \/><\/a>\n\t\t\t<\/dt>\n\t\t\t\t<dd class='wp-caption-text gallery-caption' id='gallery-1-3399'>\n\t\t\t\tFoto: Carlos Teixeira\/Ag\u00eancia EB\n\t\t\t\t<\/dd><\/dl><dl class='gallery-item'>\n\t\t\t<dt class='gallery-icon landscape'>\n\t\t\t\t<a href='https:\/\/www.esportesbrasilia.com.br\/noticias\/wp-content\/uploads\/14324695_739918916147440_916504687687216152_o.jpg'><img loading=\"lazy\" decoding=\"async\" width=\"150\" height=\"150\" src=\"https:\/\/www.esportesbrasilia.com.br\/noticias\/wp-content\/uploads\/14324695_739918916147440_916504687687216152_o-150x150.jpg\" class=\"attachment-thumbnail size-thumbnail\" alt=\"\" aria-describedby=\"gallery-1-3412\" \/><\/a>\n\t\t\t<\/dt>\n\t\t\t\t<dd class='wp-caption-text gallery-caption' id='gallery-1-3412'>\n\t\t\t\tFoto: Carlos Teixeira\/Ag\u00eancia EB\n\t\t\t\t<\/dd><\/dl><br style=\"clear: both\" \/><dl class='gallery-item'>\n\t\t\t<dt class='gallery-icon landscape'>\n\t\t\t\t<a href='https:\/\/www.esportesbrasilia.com.br\/noticias\/wp-content\/uploads\/14324678_739918679480797_5660460737003080474_o.jpg'><img loading=\"lazy\" decoding=\"async\" width=\"150\" height=\"150\" src=\"https:\/\/www.esportesbrasilia.com.br\/noticias\/wp-content\/uploads\/14324678_739918679480797_5660460737003080474_o-150x150.jpg\" class=\"attachment-thumbnail size-thumbnail\" alt=\"\" aria-describedby=\"gallery-1-3409\" \/><\/a>\n\t\t\t<\/dt>\n\t\t\t\t<dd class='wp-caption-text gallery-caption' id='gallery-1-3409'>\n\t\t\t\tFoto: Carlos Teixeira\/Ag\u00eancia EB\n\t\t\t\t<\/dd><\/dl><dl class='gallery-item'>\n\t\t\t<dt class='gallery-icon landscape'>\n\t\t\t\t<a href='https:\/\/www.esportesbrasilia.com.br\/noticias\/wp-content\/uploads\/14324699_740043069468358_8591724875518103403_o.jpg'><img loading=\"lazy\" decoding=\"async\" width=\"150\" height=\"150\" src=\"https:\/\/www.esportesbrasilia.com.br\/noticias\/wp-content\/uploads\/14324699_740043069468358_8591724875518103403_o-150x150.jpg\" class=\"attachment-thumbnail size-thumbnail\" alt=\"\" aria-describedby=\"gallery-1-3393\" \/><\/a>\n\t\t\t<\/dt>\n\t\t\t\t<dd class='wp-caption-text gallery-caption' id='gallery-1-3393'>\n\t\t\t\tFoto: Carlos Teixeira\/Ag\u00eancia EB\n\t\t\t\t<\/dd><\/dl><dl class='gallery-item'>\n\t\t\t<dt class='gallery-icon landscape'>\n\t\t\t\t<a href='https:\/\/www.esportesbrasilia.com.br\/noticias\/wp-content\/uploads\/14324688_739918729480792_2408915586124909523_o.jpg'><img loading=\"lazy\" decoding=\"async\" width=\"150\" height=\"150\" src=\"https:\/\/www.esportesbrasilia.com.br\/noticias\/wp-content\/uploads\/14324688_739918729480792_2408915586124909523_o-150x150.jpg\" class=\"attachment-thumbnail size-thumbnail\" alt=\"\" aria-describedby=\"gallery-1-3410\" \/><\/a>\n\t\t\t<\/dt>\n\t\t\t\t<dd class='wp-caption-text gallery-caption' id='gallery-1-3410'>\n\t\t\t\tFoto: Carlos Teixeira\/Ag\u00eancia EB\n\t\t\t\t<\/dd><\/dl><br style=\"clear: both\" \/><dl class='gallery-item'>\n\t\t\t<dt class='gallery-icon landscape'>\n\t\t\t\t<a href='https:\/\/www.esportesbrasilia.com.br\/noticias\/wp-content\/uploads\/14324695_739916926147639_7155162432056695995_o.jpg'><img loading=\"lazy\" decoding=\"async\" width=\"150\" height=\"150\" src=\"https:\/\/www.esportesbrasilia.com.br\/noticias\/wp-content\/uploads\/14324695_739916926147639_7155162432056695995_o-150x150.jpg\" class=\"attachment-thumbnail size-thumbnail\" alt=\"\" aria-describedby=\"gallery-1-3411\" \/><\/a>\n\t\t\t<\/dt>\n\t\t\t\t<dd class='wp-caption-text gallery-caption' id='gallery-1-3411'>\n\t\t\t\tFoto: Carlos Teixeira\/Ag\u00eancia EB\n\t\t\t\t<\/dd><\/dl><dl class='gallery-item'>\n\t\t\t<dt class='gallery-icon landscape'>\n\t\t\t\t<a href='https:\/\/www.esportesbrasilia.com.br\/noticias\/wp-content\/uploads\/14324208_738744999598165_1023978251214915186_o.jpg'><img loading=\"lazy\" decoding=\"async\" width=\"150\" height=\"150\" src=\"https:\/\/www.esportesbrasilia.com.br\/noticias\/wp-content\/uploads\/14324208_738744999598165_1023978251214915186_o-150x150.jpg\" class=\"attachment-thumbnail size-thumbnail\" alt=\"\" aria-describedby=\"gallery-1-3405\" \/><\/a>\n\t\t\t<\/dt>\n\t\t\t\t<dd class='wp-caption-text gallery-caption' id='gallery-1-3405'>\n\t\t\t\tFoto: Carlos Teixeira\/Ag\u00eancia EB\n\t\t\t\t<\/dd><\/dl>\n\t\t\t<br style='clear: both' \/>\n\t\t<\/div>\n\n","protected":false},"excerpt":{"rendered":"<p>O fot\u00f3grafo Carlos Teixeira esteve no Rio de Janeiro, junto com o rep\u00f3rter Rener Lopes, acompanhando os Jogos Paral\u00edmpicos Rio 2016, representando a imprensa esportiva da capital federal. Em 60 imagens, divididas em tr\u00eas galerias, Carlos vai retratar o que foram os Jogos, s\u00edmbolo de uni\u00e3o entre os povos.<\/p>\n","protected":false},"author":13,"featured_media":3399,"comment_status":"open","ping_status":"closed","sticky":false,"template":"","format":"standard","meta":{"footnotes":""},"categories":[16,28],"tags":[],"class_list":["post-3392","post","type-post","status-publish","format-standard","has-post-thumbnail","hentry","category-galeria","category-rio2016"],"_links":{"self":[{"href":"https:\/\/www.esportesbrasilia.com.br\/noticias\/wp-json\/wp\/v2\/posts\/3392","targetHints":{"allow":["GET"]}}],"collection":[{"href":"https:\/\/www.esportesbrasilia.com.br\/noticias\/wp-json\/wp\/v2\/posts"}],"about":[{"href":"https:\/\/www.esportesbrasilia.com.br\/noticias\/wp-json\/wp\/v2\/types\/post"}],"author":[{"embeddable":true,"href":"https:\/\/www.esportesbrasilia.com.br\/noticias\/wp-json\/wp\/v2\/users\/13"}],"replies":[{"embeddable":true,"href":"https:\/\/www.esportesbrasilia.com.br\/noticias\/wp-json\/wp\/v2\/comments?post=3392"}],"version-history":[{"count":1,"href":"https:\/\/www.esportesbrasilia.com.br\/noticias\/wp-json\/wp\/v2\/posts\/3392\/revisions"}],"predecessor-version":[{"id":3413,"href":"https:\/\/www.esportesbrasilia.com.br\/noticias\/wp-json\/wp\/v2\/posts\/3392\/revisions\/3413"}],"wp:featuredmedia":[{"embeddable":true,"href":"https:\/\/www.esportesbrasilia.com.br\/noticias\/wp-json\/wp\/v2\/media\/3399"}],"wp:attachment":[{"href":"https:\/\/www.esportesbrasilia.com.br\/noticias\/wp-json\/wp\/v2\/media?parent=3392"}],"wp:term":[{"taxonomy":"category","embeddable":true,"href":"https:\/\/www.esportesbrasilia.com.br\/noticias\/wp-json\/wp\/v2\/categories?post=3392"},{"taxonomy":"post_tag","embeddable":true,"href":"https:\/\/www.esportesbrasilia.com.br\/noticias\/wp-json\/wp\/v2\/tags?post=3392"}],"curies":[{"name":"wp","href":"https:\/\/api.w.org\/{rel}","templated":true}]}}