{"id":3356,"date":"2016-09-17T19:59:46","date_gmt":"2016-09-17T22:59:46","guid":{"rendered":"http:\/\/www.esportesbrasilia.com.br\/noticias\/?p=3356"},"modified":"2016-09-17T19:59:46","modified_gmt":"2016-09-17T22:59:46","slug":"atleta-iraniano-morre-apos-acidente-em-prova-de-ciclismo-de-estrada","status":"publish","type":"post","link":"https:\/\/www.esportesbrasilia.com.br\/noticias\/rio2016\/atleta-iraniano-morre-apos-acidente-em-prova-de-ciclismo-de-estrada.html","title":{"rendered":"Atleta iraniano morre ap\u00f3s acidente em prova de ciclismo de estrada"},"content":{"rendered":"<p>Fonte: Ag\u00eancia Brasil<\/p>\n<p>O atleta iraniano Bahman Golbarnezhad morreu neste s\u00e1bado\u00a0(17) ap\u00f3s um grave acidente durante a prova de ciclismo de estrada C4-5 dos Jogos Paraol\u00edmpicos Rio 2016, disputada esta manh\u00e3 no Recreio dos Bandeirantes, na zona oeste do Rio de Janeiro.<\/p>\n<p>A morte do atleta foi confirmada pelo Comit\u00ea Paral\u00edmpico do Ir\u00e3. Bahman Golbarnezhad receber\u00e1 uma homenagem na Vila dos Atletas.<\/p>\n<p>O iraniano caiu com sua bicicleta em um dos trechos do percurso. Ele chegou a receber atendimento de emerg\u00eancia no local do acidente e foi levado para um hospital.<\/p>\n<p>Em nota, o Comit\u00ea Paral\u00edmpico Internacional informou que Golbarnezhad, de 48 anos, caiu por volta das 10h40 na Estrada de Grumari, em um trecho montanhoso da corrida. O atleta recebeu tratamento no local e, durante a remo\u00e7\u00e3o para o hospital, sofreu uma parada card\u00edaca. Segundo o comunicado, ele foi levado para o Hospital Unimed da Barra da Tijuca, onde ele morreu logo ap\u00f3s sua chegada.<\/p>\n<p>\u201cEssa \u00e9 uma not\u00edcia muito triste. Os pensamentos e as condol\u00eancias de todo o movimento paral\u00edmpico est\u00e3o com a fam\u00edlia, os amigos e os colegas da delega\u00e7\u00e3o iraniana de Bahman assim como com o Comit\u00ea Paral\u00edmpico do Ir\u00e3. A fam\u00edlia paral\u00edmpica est\u00e1 unida em luto por essa terr\u00edvel trag\u00e9dia que coloca uma sombra sobre os \u00f3timos Jogos Paral\u00edmpicos aqui no Rio\u201d, disse, em nota, o presidente do Comit\u00ea Paral\u00edmpico Internacional, Philip Craven.<\/p>\n<p>O presidente do Comit\u00ea Rio 2016, Carlos Arthur Nuzman, tamb\u00e9m afirmou que \u00e9 uma not\u00edcia muito triste para o esporte e para o movimento paral\u00edmpico. \u201cNossos cora\u00e7\u00f5es e preces est\u00e3o com a fam\u00edlia e colegas de Bahman e com todo o povo do Ir\u00e3\u201d, disse.<\/p>\n<p>A bandeira iraniana est\u00e1 hasteada a meio mastro na Vila Paral\u00edmpica. A bandeira paral\u00edmpica tamb\u00e9m ficar\u00e1 a meio mastro na Vila e no Riocentro amanh\u00e3 (18), quando o Ir\u00e3 disputar\u00e1 a medalha de ouro com a B\u00f3snia e Herzegovina no v\u00f4lei sentado masculino. Durante a cerim\u00f4nia de encerramento, ser\u00e1 feito um minuto de sil\u00eancio.<\/p>\n<p>As investiga\u00e7\u00f5es sobre o acidente j\u00e1 foram iniciadas. Esta havia sido a segunda competi\u00e7\u00e3o de Golbarnezhad nos Jogos Paral\u00edmpicos do Rio. Na quarta-feira (14), ele participou da classifica\u00e7\u00e3o para prova de ciclismo de estrada C4-5. Ele tamb\u00e9m participou da Paralimp\u00edada de Londres, em 2012.<\/p>\n","protected":false},"excerpt":{"rendered":"<p>Fonte: Ag\u00eancia Brasil O atleta iraniano Bahman Golbarnezhad morreu neste s\u00e1bado\u00a0(17) ap\u00f3s um grave acidente durante a prova de ciclismo de estrada C4-5 dos Jogos Paraol\u00edmpicos Rio 2016, disputada esta manh\u00e3 no Recreio dos Bandeirantes, na zona oeste do Rio de Janeiro. A morte do atleta foi confirmada pelo Comit\u00ea Paral\u00edmpico do Ir\u00e3. Bahman Golbarnezhad [&hellip;]<\/p>\n","protected":false},"author":1,"featured_media":2706,"comment_status":"open","ping_status":"closed","sticky":false,"template":"","format":"standard","meta":{"footnotes":""},"categories":[28],"tags":[],"class_list":["post-3356","post","type-post","status-publish","format-standard","has-post-thumbnail","hentry","category-rio2016"],"_links":{"self":[{"href":"https:\/\/www.esportesbrasilia.com.br\/noticias\/wp-json\/wp\/v2\/posts\/3356","targetHints":{"allow":["GET"]}}],"collection":[{"href":"https:\/\/www.esportesbrasilia.com.br\/noticias\/wp-json\/wp\/v2\/posts"}],"about":[{"href":"https:\/\/www.esportesbrasilia.com.br\/noticias\/wp-json\/wp\/v2\/types\/post"}],"author":[{"embeddable":true,"href":"https:\/\/www.esportesbrasilia.com.br\/noticias\/wp-json\/wp\/v2\/users\/1"}],"replies":[{"embeddable":true,"href":"https:\/\/www.esportesbrasilia.com.br\/noticias\/wp-json\/wp\/v2\/comments?post=3356"}],"version-history":[{"count":1,"href":"https:\/\/www.esportesbrasilia.com.br\/noticias\/wp-json\/wp\/v2\/posts\/3356\/revisions"}],"predecessor-version":[{"id":3357,"href":"https:\/\/www.esportesbrasilia.com.br\/noticias\/wp-json\/wp\/v2\/posts\/3356\/revisions\/3357"}],"wp:featuredmedia":[{"embeddable":true,"href":"https:\/\/www.esportesbrasilia.com.br\/noticias\/wp-json\/wp\/v2\/media\/2706"}],"wp:attachment":[{"href":"https:\/\/www.esportesbrasilia.com.br\/noticias\/wp-json\/wp\/v2\/media?parent=3356"}],"wp:term":[{"taxonomy":"category","embeddable":true,"href":"https:\/\/www.esportesbrasilia.com.br\/noticias\/wp-json\/wp\/v2\/categories?post=3356"},{"taxonomy":"post_tag","embeddable":true,"href":"https:\/\/www.esportesbrasilia.com.br\/noticias\/wp-json\/wp\/v2\/tags?post=3356"}],"curies":[{"name":"wp","href":"https:\/\/api.w.org\/{rel}","templated":true}]}}