{"id":3290,"date":"2016-09-13T20:27:34","date_gmt":"2016-09-13T23:27:34","guid":{"rendered":"http:\/\/www.esportesbrasilia.com.br\/noticias\/?p=3290"},"modified":"2016-09-14T09:13:37","modified_gmt":"2016-09-14T12:13:37","slug":"mateus-evangelista-ganha-prata-no-salto-em-distancia","status":"publish","type":"post","link":"https:\/\/www.esportesbrasilia.com.br\/noticias\/rio2016\/mateus-evangelista-ganha-prata-no-salto-em-distancia.html","title":{"rendered":"Mateus Evangelista ganha prata no salto em dist\u00e2ncia"},"content":{"rendered":"<p>Fonte: Ag\u00eancia Brasil<\/p>\n<p>A final do salto em dist\u00e2ncia para a classe T37 (atletas com paralisia cerebral) acabou virando um duelo particular entre dois jovens talentos do atletismo: de um lado, o chin\u00eas Guangxu Shang, de 21 anos, atual campe\u00e3o mundial da prova. Do outro, o brasileiro Mateus Evangelista, de 22 anos, em sua primeira Paral\u00edmpiada e campe\u00e3o parapan-americano. Al\u00e9m da medalha de ouro, os dois batalharam, cent\u00edmetro por cent\u00edmetro, por um novo recorde mundial.<\/p>\n<p>At\u00e9 ent\u00e3o dono da melhor marca do mundo, alcan\u00e7ada no Mundial de Doha, no ano passado, Shang mostrou, logo em seu primeiro salto, por que era o nome a ser batido. O chin\u00eas saltou para 6m52, cinco cent\u00edmetros mais longe do \u00edndice anotado no Catar. O n\u00famero n\u00e3o intimidou Mateus, que acertou um salto de 6m53 \u2013 o melhor de sua carreira \u2013 em sua segunda tentativa, jogando a press\u00e3o para o favorito da prova.<\/p>\n<p>\u201cIsso aqui \u00e9 Paralimp\u00edada. Aqui est\u00e3o os melhores do mundo e nenhuma prova \u00e9 f\u00e1cil. Todos est\u00e3o melhorando as suas marcas e eu consegui melhorar a minha. Com certeza ele deve ter ficado assustado, mas depois conseguiu manter a tranquilidade para fazer a prova dele. E eu fiz a minha\u201d, diz Mateus, que, depois de chegar a \u00f3timos resultados no atletismo, tiro com arco e futebol de 7, escolheu dedicar-se somente \u00e0s provas de pista e aos saltos.<\/p>\n<div id=\"attachment_3291\" style=\"width: 650px\" class=\"wp-caption aligncenter\"><img loading=\"lazy\" decoding=\"async\" aria-describedby=\"caption-attachment-3291\" class=\"size-large wp-image-3291\" src=\"https:\/\/www.esportesbrasilia.com.br\/noticias\/wp-content\/uploads\/mateusevangelista_ct-1024x683.jpg\" alt=\"Mateus Evangelista pulou 6,52m para conquistar a medalha de prata - Foto: Carlos Teixeira\/Ag\u00eancia EB\" width=\"640\" height=\"427\" srcset=\"https:\/\/www.esportesbrasilia.com.br\/noticias\/wp-content\/uploads\/mateusevangelista_ct-1024x683.jpg 1024w, https:\/\/www.esportesbrasilia.com.br\/noticias\/wp-content\/uploads\/mateusevangelista_ct-300x200.jpg 300w, https:\/\/www.esportesbrasilia.com.br\/noticias\/wp-content\/uploads\/mateusevangelista_ct-768x512.jpg 768w, https:\/\/www.esportesbrasilia.com.br\/noticias\/wp-content\/uploads\/mateusevangelista_ct-696x464.jpg 696w, https:\/\/www.esportesbrasilia.com.br\/noticias\/wp-content\/uploads\/mateusevangelista_ct-1068x712.jpg 1068w, https:\/\/www.esportesbrasilia.com.br\/noticias\/wp-content\/uploads\/mateusevangelista_ct-630x420.jpg 630w, https:\/\/www.esportesbrasilia.com.br\/noticias\/wp-content\/uploads\/mateusevangelista_ct.jpg 1125w\" sizes=\"auto, (max-width: 640px) 100vw, 640px\" \/><p id=\"caption-attachment-3291\" class=\"wp-caption-text\">Mateus Evangelista pulou 6,52m para conquistar a medalha de prata &#8211; Foto: Carlos Teixeira\/Ag\u00eancia EB<\/p><\/div>\n<p>Mateus foi l\u00edder da prova durante toda a segunda rodada da final, uma vez que Shang teve seu segundo salto invalidado. O salto de ouro veio na terceira tentativa do chin\u00eas, que voou para 6m77, superando em 24 cent\u00edmetros a marca de Mateus. Desta vez, o brasileiro n\u00e3o conseguiu ir al\u00e9m do que j\u00e1 tinha feito. \u201cNos dois \u00faltimos saltos eu tentei dar o meu melhor, mas acabei queimando. Mas tenho certeza que, se eu treinar mais, tenho condi\u00e7\u00f5es de bater esse recorde mundial do chin\u00eas. Ele que me aguarde, porque no ano que vem tem o Mundial\u201d, promete.<\/p>\n<p>Ele reconhece ter ficado um pouco frustrado com o segundo lugar. Tanto \u00e9 que, no p\u00f3dio, permitiu-se subverter um pouco o rito de premia\u00e7\u00e3o. \u201cGostaria que fosse a bandeira do Brasil no lugar mais alto. Mesmo assim, eu cantei o hino do meu Brasil no p\u00f3dio. Eu ganhei essa medalha de prata, mas, para mim, ela \u00e9 a mais dourada que eu j\u00e1 ganhei\u201d.<\/p>\n","protected":false},"excerpt":{"rendered":"<p>Fonte: Ag\u00eancia Brasil A final do salto em dist\u00e2ncia para a classe T37 (atletas com paralisia cerebral) acabou virando um duelo particular entre dois jovens talentos do atletismo: de um lado, o chin\u00eas Guangxu Shang, de 21 anos, atual campe\u00e3o mundial da prova. Do outro, o brasileiro Mateus Evangelista, de 22 anos, em sua primeira [&hellip;]<\/p>\n","protected":false},"author":1,"featured_media":3291,"comment_status":"open","ping_status":"closed","sticky":false,"template":"","format":"standard","meta":{"footnotes":""},"categories":[28],"tags":[],"class_list":["post-3290","post","type-post","status-publish","format-standard","has-post-thumbnail","hentry","category-rio2016"],"_links":{"self":[{"href":"https:\/\/www.esportesbrasilia.com.br\/noticias\/wp-json\/wp\/v2\/posts\/3290","targetHints":{"allow":["GET"]}}],"collection":[{"href":"https:\/\/www.esportesbrasilia.com.br\/noticias\/wp-json\/wp\/v2\/posts"}],"about":[{"href":"https:\/\/www.esportesbrasilia.com.br\/noticias\/wp-json\/wp\/v2\/types\/post"}],"author":[{"embeddable":true,"href":"https:\/\/www.esportesbrasilia.com.br\/noticias\/wp-json\/wp\/v2\/users\/1"}],"replies":[{"embeddable":true,"href":"https:\/\/www.esportesbrasilia.com.br\/noticias\/wp-json\/wp\/v2\/comments?post=3290"}],"version-history":[{"count":1,"href":"https:\/\/www.esportesbrasilia.com.br\/noticias\/wp-json\/wp\/v2\/posts\/3290\/revisions"}],"predecessor-version":[{"id":3292,"href":"https:\/\/www.esportesbrasilia.com.br\/noticias\/wp-json\/wp\/v2\/posts\/3290\/revisions\/3292"}],"wp:featuredmedia":[{"embeddable":true,"href":"https:\/\/www.esportesbrasilia.com.br\/noticias\/wp-json\/wp\/v2\/media\/3291"}],"wp:attachment":[{"href":"https:\/\/www.esportesbrasilia.com.br\/noticias\/wp-json\/wp\/v2\/media?parent=3290"}],"wp:term":[{"taxonomy":"category","embeddable":true,"href":"https:\/\/www.esportesbrasilia.com.br\/noticias\/wp-json\/wp\/v2\/categories?post=3290"},{"taxonomy":"post_tag","embeddable":true,"href":"https:\/\/www.esportesbrasilia.com.br\/noticias\/wp-json\/wp\/v2\/tags?post=3290"}],"curies":[{"name":"wp","href":"https:\/\/api.w.org\/{rel}","templated":true}]}}