{"id":3266,"date":"2016-09-12T15:14:09","date_gmt":"2016-09-12T18:14:09","guid":{"rendered":"http:\/\/www.esportesbrasilia.com.br\/noticias\/?p=3266"},"modified":"2016-09-12T20:23:40","modified_gmt":"2016-09-12T23:23:40","slug":"balao-aceso-cai-no-teto-da-arena-carioca-3-no-parque-olimpico","status":"publish","type":"post","link":"https:\/\/www.esportesbrasilia.com.br\/noticias\/rio2016\/balao-aceso-cai-no-teto-da-arena-carioca-3-no-parque-olimpico.html","title":{"rendered":"Bal\u00e3o aceso cai no teto da Arena Carioca 3 no Parque Ol\u00edmpico"},"content":{"rendered":"<p>Fonte: Ag\u00eancia Brasil<\/p>\n<p>Um bal\u00e3o caiu sobre o teto da Arena Carioca 3, localizada no Parque Ol\u00edmpico da Barra, na madrugada desta segunda-feira (12).<\/p>\n<p>O fogo do bal\u00e3o foi controlado pelo Corpo de Bombeiros e, segundo a assessoria de imprensa do Comit\u00ea Organizador Rio 2016, n\u00e3o houve danos \u00e0 estrutura da arena.<\/p>\n<p>Ainda segundo a assessoria de imprensa do Comit\u00ea, as competi\u00e7\u00f5es de esgrima em cadeira de rodas, que aconteceram no local, n\u00e3o foram prejudicadas pelo incidente.<\/p>\n<div id=\"attachment_3267\" style=\"width: 685px\" class=\"wp-caption aligncenter\"><img loading=\"lazy\" decoding=\"async\" aria-describedby=\"caption-attachment-3267\" class=\"size-full wp-image-3267\" src=\"https:\/\/www.esportesbrasilia.com.br\/noticias\/wp-content\/uploads\/arenacarioca3_bethsantos_prefeituradorio.png\" alt=\"Arena Carioca 3 sofreu incidente antes das provas de esgrima - Foto: Beth Santos\/Prefeitura do Rio\" width=\"675\" height=\"450\" srcset=\"https:\/\/www.esportesbrasilia.com.br\/noticias\/wp-content\/uploads\/arenacarioca3_bethsantos_prefeituradorio.png 675w, https:\/\/www.esportesbrasilia.com.br\/noticias\/wp-content\/uploads\/arenacarioca3_bethsantos_prefeituradorio-300x200.png 300w, https:\/\/www.esportesbrasilia.com.br\/noticias\/wp-content\/uploads\/arenacarioca3_bethsantos_prefeituradorio-630x420.png 630w\" sizes=\"auto, (max-width: 675px) 100vw, 675px\" \/><p id=\"caption-attachment-3267\" class=\"wp-caption-text\">Arena Carioca 3 sofreu incidente antes das provas de esgrima &#8211; Foto: Beth Santos\/Prefeitura do Rio<\/p><\/div>\n<p>No primeiro dia da esgrima nos Jogos Paral\u00edmpicos Rio 2016, foram\u00a0disputadas as competi\u00e7\u00f5es de sabre individual masculino. N\u00e3o h\u00e1 brasileiros nesta categoria.<\/p>\n","protected":false},"excerpt":{"rendered":"<p>Fonte: Ag\u00eancia Brasil Um bal\u00e3o caiu sobre o teto da Arena Carioca 3, localizada no Parque Ol\u00edmpico da Barra, na madrugada desta segunda-feira (12). O fogo do bal\u00e3o foi controlado pelo Corpo de Bombeiros e, segundo a assessoria de imprensa do Comit\u00ea Organizador Rio 2016, n\u00e3o houve danos \u00e0 estrutura da arena. Ainda segundo a [&hellip;]<\/p>\n","protected":false},"author":1,"featured_media":3267,"comment_status":"open","ping_status":"closed","sticky":false,"template":"","format":"standard","meta":{"footnotes":""},"categories":[28],"tags":[],"class_list":["post-3266","post","type-post","status-publish","format-standard","has-post-thumbnail","hentry","category-rio2016"],"_links":{"self":[{"href":"https:\/\/www.esportesbrasilia.com.br\/noticias\/wp-json\/wp\/v2\/posts\/3266","targetHints":{"allow":["GET"]}}],"collection":[{"href":"https:\/\/www.esportesbrasilia.com.br\/noticias\/wp-json\/wp\/v2\/posts"}],"about":[{"href":"https:\/\/www.esportesbrasilia.com.br\/noticias\/wp-json\/wp\/v2\/types\/post"}],"author":[{"embeddable":true,"href":"https:\/\/www.esportesbrasilia.com.br\/noticias\/wp-json\/wp\/v2\/users\/1"}],"replies":[{"embeddable":true,"href":"https:\/\/www.esportesbrasilia.com.br\/noticias\/wp-json\/wp\/v2\/comments?post=3266"}],"version-history":[{"count":1,"href":"https:\/\/www.esportesbrasilia.com.br\/noticias\/wp-json\/wp\/v2\/posts\/3266\/revisions"}],"predecessor-version":[{"id":3268,"href":"https:\/\/www.esportesbrasilia.com.br\/noticias\/wp-json\/wp\/v2\/posts\/3266\/revisions\/3268"}],"wp:featuredmedia":[{"embeddable":true,"href":"https:\/\/www.esportesbrasilia.com.br\/noticias\/wp-json\/wp\/v2\/media\/3267"}],"wp:attachment":[{"href":"https:\/\/www.esportesbrasilia.com.br\/noticias\/wp-json\/wp\/v2\/media?parent=3266"}],"wp:term":[{"taxonomy":"category","embeddable":true,"href":"https:\/\/www.esportesbrasilia.com.br\/noticias\/wp-json\/wp\/v2\/categories?post=3266"},{"taxonomy":"post_tag","embeddable":true,"href":"https:\/\/www.esportesbrasilia.com.br\/noticias\/wp-json\/wp\/v2\/tags?post=3266"}],"curies":[{"name":"wp","href":"https:\/\/api.w.org\/{rel}","templated":true}]}}