{"id":3260,"date":"2016-09-12T16:52:39","date_gmt":"2016-09-12T19:52:39","guid":{"rendered":"http:\/\/www.esportesbrasilia.com.br\/noticias\/?p=3260"},"modified":"2016-09-12T20:10:34","modified_gmt":"2016-09-12T23:10:34","slug":"brasil-perde-para-canada-no-basquete-feminino-e-enfrenta-eua-nas-quartas","status":"publish","type":"post","link":"https:\/\/www.esportesbrasilia.com.br\/noticias\/rio2016\/brasil-perde-para-canada-no-basquete-feminino-e-enfrenta-eua-nas-quartas.html","title":{"rendered":"Brasil perde para Canad\u00e1 no basquete feminino e enfrenta EUA nas quartas"},"content":{"rendered":"<p>Fonte: Ag\u00eancia Brasil<\/p>\n<p>A sele\u00e7\u00e3o brasileira feminina de basquete em cadeira de rodas perdeu nesta segunda-feira\u00a0(12) para o Canad\u00e1 por 82 a 49, mas est\u00e1 classificada para a fase de quartas de finais dos Jogos Paral\u00edmpicos Rio 2016. O Brasil ficou em quarto lugar no grupo A, ap\u00f3s derrotas\u00a0para a Alemanha, Gr\u00e3-Bretanha e Canad\u00e1 e uma vit\u00f3ria sobre a Argentina.<\/p>\n<p>O t\u00e9cnico do time, Martoni Sampaio, disse que a equipe brasileira evoluiu durante a primeira fase das competi\u00e7\u00f5es e que as jogadoras est\u00e3o incorporando gradativamente o estilo de jogo que pretendem executar. De acordo com Sampaio, a organiza\u00e7\u00e3o ofensiva foi o que mais contribuiu para a melhora no desempenho da sele\u00e7\u00e3o ao longo da primeira etapa. \u201cEst\u00e3o crescendo dentro de quadra. As forma\u00e7\u00f5es se encaixam, a organiza\u00e7\u00e3o melhora e isso faz o jogo fluir mais\u201d, disse.<\/p>\n<div id=\"attachment_3262\" style=\"width: 2058px\" class=\"wp-caption aligncenter\"><img loading=\"lazy\" decoding=\"async\" aria-describedby=\"caption-attachment-3262\" class=\"size-full wp-image-3262\" src=\"https:\/\/www.esportesbrasilia.com.br\/noticias\/wp-content\/uploads\/brasilxcanada_washingtonalves_mpix.jpg\" alt=\"Brasil perdeu para o Canad\u00e1 e agora enfrenta os EUA nas quartas do basquete feminino em cadeira de rodas - Foto: Washington Alves\/MPix\" width=\"2048\" height=\"1325\" srcset=\"https:\/\/www.esportesbrasilia.com.br\/noticias\/wp-content\/uploads\/brasilxcanada_washingtonalves_mpix.jpg 2048w, https:\/\/www.esportesbrasilia.com.br\/noticias\/wp-content\/uploads\/brasilxcanada_washingtonalves_mpix-300x194.jpg 300w, https:\/\/www.esportesbrasilia.com.br\/noticias\/wp-content\/uploads\/brasilxcanada_washingtonalves_mpix-768x497.jpg 768w, https:\/\/www.esportesbrasilia.com.br\/noticias\/wp-content\/uploads\/brasilxcanada_washingtonalves_mpix-1024x663.jpg 1024w, https:\/\/www.esportesbrasilia.com.br\/noticias\/wp-content\/uploads\/brasilxcanada_washingtonalves_mpix-696x450.jpg 696w, https:\/\/www.esportesbrasilia.com.br\/noticias\/wp-content\/uploads\/brasilxcanada_washingtonalves_mpix-1068x691.jpg 1068w, https:\/\/www.esportesbrasilia.com.br\/noticias\/wp-content\/uploads\/brasilxcanada_washingtonalves_mpix-649x420.jpg 649w\" sizes=\"auto, (max-width: 2048px) 100vw, 2048px\" \/><p id=\"caption-attachment-3262\" class=\"wp-caption-text\">Brasil perdeu para o Canad\u00e1 e agora enfrenta os EUA nas quartas do basquete feminino em cadeira de rodas &#8211; Foto: Washington Alves\/MPix<\/p><\/div>\n<p>Outro ponto destacado pelo treinador foi o fato de a equipe ter conseguido superar mais a defesa do Canad\u00e1 do que tinha conseguido contra a Gr\u00e3-Bretanha. \u201cA Inglaterra imprimiu um ritmo defensivo mais forte e n\u00f3s n\u00e3o tivemos paci\u00eancia. Hoje a gente teve um pouquinho mais de paci\u00eancia e esta quest\u00e3o da paci\u00eancia \u00e9 o grande desafio nosso\u201d, analisou.<\/p>\n<p>Agora, as brasileiras t\u00eam pela frente a sele\u00e7\u00e3o dos Estados Unidos que, na primeira fase, venceu todas as partidas no grupo B e se classificou em primeiro lugar. O jogo acontece \u00e0s 21h, na Arena Ol\u00edmpica (HSBC Arena).<\/p>\n","protected":false},"excerpt":{"rendered":"<p>Fonte: Ag\u00eancia Brasil A sele\u00e7\u00e3o brasileira feminina de basquete em cadeira de rodas perdeu nesta segunda-feira\u00a0(12) para o Canad\u00e1 por 82 a 49, mas est\u00e1 classificada para a fase de quartas de finais dos Jogos Paral\u00edmpicos Rio 2016. O Brasil ficou em quarto lugar no grupo A, ap\u00f3s derrotas\u00a0para a Alemanha, Gr\u00e3-Bretanha e Canad\u00e1 e [&hellip;]<\/p>\n","protected":false},"author":1,"featured_media":3262,"comment_status":"open","ping_status":"closed","sticky":false,"template":"","format":"standard","meta":{"footnotes":""},"categories":[28],"tags":[],"class_list":["post-3260","post","type-post","status-publish","format-standard","has-post-thumbnail","hentry","category-rio2016"],"_links":{"self":[{"href":"https:\/\/www.esportesbrasilia.com.br\/noticias\/wp-json\/wp\/v2\/posts\/3260","targetHints":{"allow":["GET"]}}],"collection":[{"href":"https:\/\/www.esportesbrasilia.com.br\/noticias\/wp-json\/wp\/v2\/posts"}],"about":[{"href":"https:\/\/www.esportesbrasilia.com.br\/noticias\/wp-json\/wp\/v2\/types\/post"}],"author":[{"embeddable":true,"href":"https:\/\/www.esportesbrasilia.com.br\/noticias\/wp-json\/wp\/v2\/users\/1"}],"replies":[{"embeddable":true,"href":"https:\/\/www.esportesbrasilia.com.br\/noticias\/wp-json\/wp\/v2\/comments?post=3260"}],"version-history":[{"count":1,"href":"https:\/\/www.esportesbrasilia.com.br\/noticias\/wp-json\/wp\/v2\/posts\/3260\/revisions"}],"predecessor-version":[{"id":3265,"href":"https:\/\/www.esportesbrasilia.com.br\/noticias\/wp-json\/wp\/v2\/posts\/3260\/revisions\/3265"}],"wp:featuredmedia":[{"embeddable":true,"href":"https:\/\/www.esportesbrasilia.com.br\/noticias\/wp-json\/wp\/v2\/media\/3262"}],"wp:attachment":[{"href":"https:\/\/www.esportesbrasilia.com.br\/noticias\/wp-json\/wp\/v2\/media?parent=3260"}],"wp:term":[{"taxonomy":"category","embeddable":true,"href":"https:\/\/www.esportesbrasilia.com.br\/noticias\/wp-json\/wp\/v2\/categories?post=3260"},{"taxonomy":"post_tag","embeddable":true,"href":"https:\/\/www.esportesbrasilia.com.br\/noticias\/wp-json\/wp\/v2\/tags?post=3260"}],"curies":[{"name":"wp","href":"https:\/\/api.w.org\/{rel}","templated":true}]}}