{"id":3259,"date":"2016-09-12T20:04:07","date_gmt":"2016-09-12T23:04:07","guid":{"rendered":"http:\/\/www.esportesbrasilia.com.br\/noticias\/?p=3259"},"modified":"2016-09-12T20:34:57","modified_gmt":"2016-09-12T23:34:57","slug":"brasil-fatura-ouro-inedito-na-bocha","status":"publish","type":"post","link":"https:\/\/www.esportesbrasilia.com.br\/noticias\/rio2016\/brasil-fatura-ouro-inedito-na-bocha.html","title":{"rendered":"Brasil fatura ouro in\u00e9dito na bocha"},"content":{"rendered":"<p>De forma in\u00e9dita, o Brasil garantiu a medalha dourada na bocha paral\u00edmpica, nesta segunda-feira (12). A torcida que compareceu \u00e0 Arena Carioca 2 fez a festa depois que Antonio Leme e Evelyn Vieira e \u00a0Evani Soares (reserva), venceram a Coreia do Sul, formada por Won Jo Jeong, Han Soo Kim e Ye Jin Choi (reserva), por 5 a 2 na categoria BC3 (atletas com defici\u00eancias severas que necessitam de auxilio de aparelho ou ajuda de outra pessoa).<\/p>\n<div id=\"attachment_3261\" style=\"width: 539px\" class=\"wp-caption aligncenter\"><img loading=\"lazy\" decoding=\"async\" aria-describedby=\"caption-attachment-3261\" class=\" wp-image-3261\" src=\"https:\/\/www.esportesbrasilia.com.br\/noticias\/wp-content\/uploads\/29606872926_622f10cb61_o-300x300.jpg\" alt=\"12\/09\/2016 - Rio de Janeiro, RJ ,Arena Carioca 2- Jogos Paral\u00edmpicos Rio 2016 - Bocha Pares Mistos BC3 - Antonio Leme. \u00a9Daniel Zappe\/MPIX\/CPB\" width=\"529\" height=\"529\" srcset=\"https:\/\/www.esportesbrasilia.com.br\/noticias\/wp-content\/uploads\/29606872926_622f10cb61_o-300x300.jpg 300w, https:\/\/www.esportesbrasilia.com.br\/noticias\/wp-content\/uploads\/29606872926_622f10cb61_o-150x150.jpg 150w, https:\/\/www.esportesbrasilia.com.br\/noticias\/wp-content\/uploads\/29606872926_622f10cb61_o-768x768.jpg 768w, https:\/\/www.esportesbrasilia.com.br\/noticias\/wp-content\/uploads\/29606872926_622f10cb61_o-1024x1024.jpg 1024w, https:\/\/www.esportesbrasilia.com.br\/noticias\/wp-content\/uploads\/29606872926_622f10cb61_o-696x696.jpg 696w, https:\/\/www.esportesbrasilia.com.br\/noticias\/wp-content\/uploads\/29606872926_622f10cb61_o-1068x1068.jpg 1068w, https:\/\/www.esportesbrasilia.com.br\/noticias\/wp-content\/uploads\/29606872926_622f10cb61_o-420x420.jpg 420w\" sizes=\"auto, (max-width: 529px) 100vw, 529px\" \/><p id=\"caption-attachment-3261\" class=\"wp-caption-text\">12\/09\/2016 &#8211; Rio de Janeiro, RJ ,Arena Carioca 2- Jogos Paral\u00edmpicos Rio 2016 &#8211; Bocha Pares Mistos BC3 &#8211; Antonio Leme. \u00a9Daniel Zappe\/MPIX\/CPB<\/p><\/div>\n<p>Al\u00e9m do ouro, a bocha somou mais uma prata para o Brasil no quadro de medalhas. Nas duplas mistas, categoria BC4 (atletas com defici\u00eancias severas sem assist\u00eancia) os irm\u00e3os Eliseu e Marcelo dos Santos foram vencidos \u00a0por Michaela Balcova e Samuel Andrejcik, da Eslov\u00e1quia, por 4 a 2.<\/p>\n<p>A bocha \u00e9 disputada em parciais chamadas ends (o que equivale aos chamados sets do v\u00f4lei). O objetivo dos jogadores \u00e9 lan\u00e7ar as bolas o mais pr\u00f3ximo poss\u00edvel da bola-alvo de cor branca.<\/p>\n<p>&nbsp;<\/p>\n","protected":false},"excerpt":{"rendered":"<p>De forma in\u00e9dita, o Brasil garantiu a medalha dourada na bocha paral\u00edmpica, nesta segunda-feira (12). A torcida que compareceu \u00e0 Arena Carioca 2 fez a festa depois que Antonio Leme e Evelyn Vieira e \u00a0Evani Soares (reserva), venceram a Coreia do Sul, formada por Won Jo Jeong, Han Soo Kim e Ye Jin Choi (reserva), [&hellip;]<\/p>\n","protected":false},"author":13,"featured_media":3261,"comment_status":"open","ping_status":"closed","sticky":false,"template":"","format":"standard","meta":{"footnotes":""},"categories":[28],"tags":[],"class_list":["post-3259","post","type-post","status-publish","format-standard","has-post-thumbnail","hentry","category-rio2016"],"_links":{"self":[{"href":"https:\/\/www.esportesbrasilia.com.br\/noticias\/wp-json\/wp\/v2\/posts\/3259","targetHints":{"allow":["GET"]}}],"collection":[{"href":"https:\/\/www.esportesbrasilia.com.br\/noticias\/wp-json\/wp\/v2\/posts"}],"about":[{"href":"https:\/\/www.esportesbrasilia.com.br\/noticias\/wp-json\/wp\/v2\/types\/post"}],"author":[{"embeddable":true,"href":"https:\/\/www.esportesbrasilia.com.br\/noticias\/wp-json\/wp\/v2\/users\/13"}],"replies":[{"embeddable":true,"href":"https:\/\/www.esportesbrasilia.com.br\/noticias\/wp-json\/wp\/v2\/comments?post=3259"}],"version-history":[{"count":2,"href":"https:\/\/www.esportesbrasilia.com.br\/noticias\/wp-json\/wp\/v2\/posts\/3259\/revisions"}],"predecessor-version":[{"id":3264,"href":"https:\/\/www.esportesbrasilia.com.br\/noticias\/wp-json\/wp\/v2\/posts\/3259\/revisions\/3264"}],"wp:featuredmedia":[{"embeddable":true,"href":"https:\/\/www.esportesbrasilia.com.br\/noticias\/wp-json\/wp\/v2\/media\/3261"}],"wp:attachment":[{"href":"https:\/\/www.esportesbrasilia.com.br\/noticias\/wp-json\/wp\/v2\/media?parent=3259"}],"wp:term":[{"taxonomy":"category","embeddable":true,"href":"https:\/\/www.esportesbrasilia.com.br\/noticias\/wp-json\/wp\/v2\/categories?post=3259"},{"taxonomy":"post_tag","embeddable":true,"href":"https:\/\/www.esportesbrasilia.com.br\/noticias\/wp-json\/wp\/v2\/tags?post=3259"}],"curies":[{"name":"wp","href":"https:\/\/api.w.org\/{rel}","templated":true}]}}