{"id":3253,"date":"2016-09-12T20:07:07","date_gmt":"2016-09-12T23:07:07","guid":{"rendered":"http:\/\/www.esportesbrasilia.com.br\/noticias\/?p=3253"},"modified":"2016-09-13T21:14:20","modified_gmt":"2016-09-14T00:14:20","slug":"israel-stroh-faz-historia-no-tenis-de-mesa-brasileiro","status":"publish","type":"post","link":"https:\/\/www.esportesbrasilia.com.br\/noticias\/rio2016\/israel-stroh-faz-historia-no-tenis-de-mesa-brasileiro.html","title":{"rendered":"Israel Stroh faz hist\u00f3ria no t\u00eanis de mesa brasileiro"},"content":{"rendered":"<p>Israel Stroh entrou para a hist\u00f3ria do t\u00eanis de mesa do Brasil ao conquistar, nesta segunda-feira (12), a primeira medalha do pa\u00eds na modalidade, no individual, envolvendo tanto o esporte paral\u00edmpico, quanto no ol\u00edmpico.<br \/>\nNa grande final Israel foi derrotado pelo brit\u00e2nico William John Bayley, n\u00famero 1 do mundo na classe 7, por 11\/9, 5\/11, 11\/9 e 11\/4.<\/p>\n<div id=\"attachment_3255\" style=\"width: 564px\" class=\"wp-caption aligncenter\"><img loading=\"lazy\" decoding=\"async\" aria-describedby=\"caption-attachment-3255\" class=\" wp-image-3255\" src=\"https:\/\/www.esportesbrasilia.com.br\/noticias\/wp-content\/uploads\/MJ_Jogos-Paralimpicos-Rio-2016-tenis-mesa-classe-C7-masculino_000412092016-300x200.jpg\" alt=\"Rio de Janeiro, Brasil, 12 de Setembro de 2016. Israel Pereira (BRA) e John Urhaug disputam o ouro no Tenis de Mesa classe C7 - Riocentro - Jogos Paral\u00edmpicos Rio 2016. Cr\u00e9ditos: Heusi Action \/ Miriam Jeske\" width=\"554\" height=\"369\" srcset=\"https:\/\/www.esportesbrasilia.com.br\/noticias\/wp-content\/uploads\/MJ_Jogos-Paralimpicos-Rio-2016-tenis-mesa-classe-C7-masculino_000412092016-300x200.jpg 300w, https:\/\/www.esportesbrasilia.com.br\/noticias\/wp-content\/uploads\/MJ_Jogos-Paralimpicos-Rio-2016-tenis-mesa-classe-C7-masculino_000412092016-768x512.jpg 768w, https:\/\/www.esportesbrasilia.com.br\/noticias\/wp-content\/uploads\/MJ_Jogos-Paralimpicos-Rio-2016-tenis-mesa-classe-C7-masculino_000412092016-1024x682.jpg 1024w, https:\/\/www.esportesbrasilia.com.br\/noticias\/wp-content\/uploads\/MJ_Jogos-Paralimpicos-Rio-2016-tenis-mesa-classe-C7-masculino_000412092016-696x464.jpg 696w, https:\/\/www.esportesbrasilia.com.br\/noticias\/wp-content\/uploads\/MJ_Jogos-Paralimpicos-Rio-2016-tenis-mesa-classe-C7-masculino_000412092016-1068x712.jpg 1068w, https:\/\/www.esportesbrasilia.com.br\/noticias\/wp-content\/uploads\/MJ_Jogos-Paralimpicos-Rio-2016-tenis-mesa-classe-C7-masculino_000412092016-630x420.jpg 630w, https:\/\/www.esportesbrasilia.com.br\/noticias\/wp-content\/uploads\/MJ_Jogos-Paralimpicos-Rio-2016-tenis-mesa-classe-C7-masculino_000412092016.jpg 2000w\" sizes=\"auto, (max-width: 554px) 100vw, 554px\" \/><p id=\"caption-attachment-3255\" class=\"wp-caption-text\">Rio de Janeiro, Brasil, 12 de Setembro de 2016. Israel Pereira (BRA) e John Urhaug disputam o ouro no Tenis de Mesa classe C7 &#8211; Riocentro &#8211; Jogos Paral\u00edmpicos Rio 2016. Cr\u00e9ditos: Heusi Action \/ Miriam Jeske<\/p><\/div>\n<p>O p\u00fablico que compareceu ao Riocentro vibrou com o resultado do atleta de Santos, S\u00e3o Paulo , que entrou na disputa como 12 do ranking mundial.<\/p>\n<p>A \u00fanica medalha conquistada pelo Brasil havia sido nos Jogos de Pequim, com a prata da dupla Welder Knaf e Luiz Algacir.<\/p>\n","protected":false},"excerpt":{"rendered":"<p>Israel Stroh entrou para a hist\u00f3ria do t\u00eanis de mesa do Brasil ao conquistar, nesta segunda-feira (12), a primeira medalha do pa\u00eds na modalidade, no individual, envolvendo tanto o esporte paral\u00edmpico, quanto no ol\u00edmpico. Na grande final Israel foi derrotado pelo brit\u00e2nico William John Bayley, n\u00famero 1 do mundo na classe 7, por 11\/9, 5\/11, [&hellip;]<\/p>\n","protected":false},"author":13,"featured_media":3255,"comment_status":"open","ping_status":"closed","sticky":false,"template":"","format":"standard","meta":{"footnotes":""},"categories":[28],"tags":[],"class_list":["post-3253","post","type-post","status-publish","format-standard","has-post-thumbnail","hentry","category-rio2016"],"_links":{"self":[{"href":"https:\/\/www.esportesbrasilia.com.br\/noticias\/wp-json\/wp\/v2\/posts\/3253","targetHints":{"allow":["GET"]}}],"collection":[{"href":"https:\/\/www.esportesbrasilia.com.br\/noticias\/wp-json\/wp\/v2\/posts"}],"about":[{"href":"https:\/\/www.esportesbrasilia.com.br\/noticias\/wp-json\/wp\/v2\/types\/post"}],"author":[{"embeddable":true,"href":"https:\/\/www.esportesbrasilia.com.br\/noticias\/wp-json\/wp\/v2\/users\/13"}],"replies":[{"embeddable":true,"href":"https:\/\/www.esportesbrasilia.com.br\/noticias\/wp-json\/wp\/v2\/comments?post=3253"}],"version-history":[{"count":4,"href":"https:\/\/www.esportesbrasilia.com.br\/noticias\/wp-json\/wp\/v2\/posts\/3253\/revisions"}],"predecessor-version":[{"id":3284,"href":"https:\/\/www.esportesbrasilia.com.br\/noticias\/wp-json\/wp\/v2\/posts\/3253\/revisions\/3284"}],"wp:featuredmedia":[{"embeddable":true,"href":"https:\/\/www.esportesbrasilia.com.br\/noticias\/wp-json\/wp\/v2\/media\/3255"}],"wp:attachment":[{"href":"https:\/\/www.esportesbrasilia.com.br\/noticias\/wp-json\/wp\/v2\/media?parent=3253"}],"wp:term":[{"taxonomy":"category","embeddable":true,"href":"https:\/\/www.esportesbrasilia.com.br\/noticias\/wp-json\/wp\/v2\/categories?post=3253"},{"taxonomy":"post_tag","embeddable":true,"href":"https:\/\/www.esportesbrasilia.com.br\/noticias\/wp-json\/wp\/v2\/tags?post=3253"}],"curies":[{"name":"wp","href":"https:\/\/api.w.org\/{rel}","templated":true}]}}