{"id":3240,"date":"2016-09-12T14:38:17","date_gmt":"2016-09-12T17:38:17","guid":{"rendered":"http:\/\/www.esportesbrasilia.com.br\/noticias\/?p=3240"},"modified":"2016-09-12T16:51:43","modified_gmt":"2016-09-12T19:51:43","slug":"daniel-dias-exalta-apoio-da-torcida-na-rio-2016","status":"publish","type":"post","link":"https:\/\/www.esportesbrasilia.com.br\/noticias\/rio2016\/daniel-dias-exalta-apoio-da-torcida-na-rio-2016.html","title":{"rendered":"Daniel Dias exalta apoio da torcida na Rio-2016"},"content":{"rendered":"<p>A cada dia de competi\u00e7\u00f5es no Est\u00e1dio Aqu\u00e1tico, Daniel Dias confirma ser o maior nome do esporte paral\u00edmpico nacional. O nadador \u00a0compete nas classes S5, SM5, SB4, (para atletas com limita\u00e7\u00f5es f\u00edsico-motoras) e j\u00e1 coleciona 19 medalhas desde sua primeira participa\u00e7\u00e3o em Pequim-2008. Na Rio-2016, at\u00e9 agora, foram quatro conquistas- 1 ouro, 2 pratas e 1 bronze.<\/p>\n<p>O enviado especial da <strong>Esportes Bras\u00edlia<\/strong> ao Rio de Janeiro, Rener Lopes, esteve na entrevista coletiva concedida por Daniel, ap\u00f3s a conquista da\u00a0 prata nos 100m peito (categoria SB4), \u00a0e ouviu a palavra do \u00a0multimedalhista.<\/p>\n<p>O atleta exaltou a import\u00e2ncia do apoio da torcida durante as competi\u00e7\u00f5es e falou sobre a emo\u00e7\u00e3o que sentiu ao ouvir seu nome gritado pelos brasileiros.<\/p>\n<p>\u201cO apoio da torcida \u00e9 fundamental. Eu escutei a torcida gritando, Daniel, Daniel, e fui no ritmo, curtindo o momento. Pensei em dar o meu melhor por todos que estavam vendo a prova. Foi uma emo\u00e7\u00e3o muito grande\u201d, disse.<\/p>\n<div id=\"attachment_3241\" style=\"width: 622px\" class=\"wp-caption aligncenter\"><img loading=\"lazy\" decoding=\"async\" aria-describedby=\"caption-attachment-3241\" class=\" wp-image-3241\" src=\"https:\/\/www.esportesbrasilia.com.br\/noticias\/wp-content\/uploads\/FF_Paralimpiadas-Rio-2016-natacao-200-metros-livre_01109082016-300x200.jpg\" alt=\"Rio de Janeiro - Brasileiro Daniel Dias leva medalha de ouro nos 200m nado livre S5 nos Jogos Paral\u00edmpicos Rio 2016, no Est\u00e1dio Aqu\u00e1tico (Fernando Fraz\u00e3o\/Ag\u00eancia Brasil)\" width=\"612\" height=\"408\" srcset=\"https:\/\/www.esportesbrasilia.com.br\/noticias\/wp-content\/uploads\/FF_Paralimpiadas-Rio-2016-natacao-200-metros-livre_01109082016-300x200.jpg 300w, https:\/\/www.esportesbrasilia.com.br\/noticias\/wp-content\/uploads\/FF_Paralimpiadas-Rio-2016-natacao-200-metros-livre_01109082016-768x512.jpg 768w, https:\/\/www.esportesbrasilia.com.br\/noticias\/wp-content\/uploads\/FF_Paralimpiadas-Rio-2016-natacao-200-metros-livre_01109082016-1024x683.jpg 1024w, https:\/\/www.esportesbrasilia.com.br\/noticias\/wp-content\/uploads\/FF_Paralimpiadas-Rio-2016-natacao-200-metros-livre_01109082016-696x464.jpg 696w, https:\/\/www.esportesbrasilia.com.br\/noticias\/wp-content\/uploads\/FF_Paralimpiadas-Rio-2016-natacao-200-metros-livre_01109082016-1068x712.jpg 1068w, https:\/\/www.esportesbrasilia.com.br\/noticias\/wp-content\/uploads\/FF_Paralimpiadas-Rio-2016-natacao-200-metros-livre_01109082016-630x420.jpg 630w\" sizes=\"auto, (max-width: 612px) 100vw, 612px\" \/><p id=\"caption-attachment-3241\" class=\"wp-caption-text\">Rio de Janeiro &#8211; Brasileiro Daniel Dias leva medalha de ouro nos 200m nado livre S5 nos Jogos Paral\u00edmpicos Rio 2016, no Est\u00e1dio Aqu\u00e1tico (Fernando Fraz\u00e3o\/Ag\u00eancia Brasil)<\/p><\/div>\n<p>A busca por mais p\u00f3dios continua. Daniel vai cair mais cinco vezes na piscina para disputar os 50m livre, 100m livre, 50m costas da classe S5, al\u00e9m dos \u00a0revezamentos 4&#215;100 medley masculino e 4&#215;100 livre, prova apontada por ele como uma das mais complicadas.<\/p>\n<p>\u201cTodas as provas v\u00e3o ser dif\u00edceis, mas acredito que o revezamento 4&#215;100 livre vai ser decidido na chegada. As equipes da China e da Ucr\u00e2nia s\u00e3o muito fortes, mas n\u00f3s temos chances de medalha\u201d, garante.<\/p>\n<p>Caso conquiste outras cinco medalhas, Daniel Dias ser\u00e1 o maior medalhista da hist\u00f3ria paral\u00edmpica com 24 medalhas conquistadas. O nadador australiano Matthew Cowdrey tem 23, por\u00e9m n\u00e3o veio ao Brasil.<\/p>\n<p>As \u00e1guas do Rio de Janeiro fazem muito bem ao brasileiro que al\u00e9m das conquistas alcan\u00e7adas na Paralimp\u00edada, levou 8 ouros no Parapan-2007.<\/p>\n","protected":false},"excerpt":{"rendered":"<p>A cada dia de competi\u00e7\u00f5es no Est\u00e1dio Aqu\u00e1tico, Daniel Dias confirma ser o maior nome do esporte paral\u00edmpico nacional. O nadador \u00a0compete nas classes S5, SM5, SB4, (para atletas com limita\u00e7\u00f5es f\u00edsico-motoras) e j\u00e1 coleciona 19 medalhas desde sua primeira participa\u00e7\u00e3o em Pequim-2008. Na Rio-2016, at\u00e9 agora, foram quatro conquistas- 1 ouro, 2 pratas e [&hellip;]<\/p>\n","protected":false},"author":13,"featured_media":3241,"comment_status":"open","ping_status":"closed","sticky":false,"template":"","format":"standard","meta":{"footnotes":""},"categories":[28],"tags":[],"class_list":["post-3240","post","type-post","status-publish","format-standard","has-post-thumbnail","hentry","category-rio2016"],"_links":{"self":[{"href":"https:\/\/www.esportesbrasilia.com.br\/noticias\/wp-json\/wp\/v2\/posts\/3240","targetHints":{"allow":["GET"]}}],"collection":[{"href":"https:\/\/www.esportesbrasilia.com.br\/noticias\/wp-json\/wp\/v2\/posts"}],"about":[{"href":"https:\/\/www.esportesbrasilia.com.br\/noticias\/wp-json\/wp\/v2\/types\/post"}],"author":[{"embeddable":true,"href":"https:\/\/www.esportesbrasilia.com.br\/noticias\/wp-json\/wp\/v2\/users\/13"}],"replies":[{"embeddable":true,"href":"https:\/\/www.esportesbrasilia.com.br\/noticias\/wp-json\/wp\/v2\/comments?post=3240"}],"version-history":[{"count":8,"href":"https:\/\/www.esportesbrasilia.com.br\/noticias\/wp-json\/wp\/v2\/posts\/3240\/revisions"}],"predecessor-version":[{"id":3249,"href":"https:\/\/www.esportesbrasilia.com.br\/noticias\/wp-json\/wp\/v2\/posts\/3240\/revisions\/3249"}],"wp:featuredmedia":[{"embeddable":true,"href":"https:\/\/www.esportesbrasilia.com.br\/noticias\/wp-json\/wp\/v2\/media\/3241"}],"wp:attachment":[{"href":"https:\/\/www.esportesbrasilia.com.br\/noticias\/wp-json\/wp\/v2\/media?parent=3240"}],"wp:term":[{"taxonomy":"category","embeddable":true,"href":"https:\/\/www.esportesbrasilia.com.br\/noticias\/wp-json\/wp\/v2\/categories?post=3240"},{"taxonomy":"post_tag","embeddable":true,"href":"https:\/\/www.esportesbrasilia.com.br\/noticias\/wp-json\/wp\/v2\/tags?post=3240"}],"curies":[{"name":"wp","href":"https:\/\/api.w.org\/{rel}","templated":true}]}}