{"id":314,"date":"2015-12-10T14:50:41","date_gmt":"2015-12-10T16:50:41","guid":{"rendered":"http:\/\/www.esportesbrasilia.com.br\/noticias\/?p=314"},"modified":"2015-12-15T09:53:53","modified_gmt":"2015-12-15T11:53:53","slug":"gerente-de-futebol-e-preparador-fisico-deixam-o-brasilia-fc","status":"publish","type":"post","link":"https:\/\/www.esportesbrasilia.com.br\/noticias\/futebol\/gerente-de-futebol-e-preparador-fisico-deixam-o-brasilia-fc.html","title":{"rendered":"Gerente de futebol e preparador f\u00edsico deixam o Bras\u00edlia FC"},"content":{"rendered":"<p>Depois da apresenta\u00e7\u00e3o do novo gestor do Bras\u00edlia FC, Leandro Rodrigues, altera\u00e7\u00f5es est\u00e3o ocorrendo na comiss\u00e3o t\u00e9cnica do Colorado do DF.<\/p>\n<p>O gerente de futebol Ricardo Freitas e o preparador f\u00edsico, Pedro Hugo, acabaram deixando a equipe candanga. A assessoria de imprensa do Bras\u00edlia FC confirmou a sa\u00edda dos dois membros.<\/p>\n<p>Segundo a assessoria de imprensa, os dois n\u00e3o acertaram as bases salariais para a pr\u00f3xima temporada e acabaram deixando o colorado.<\/p>\n<p>O colorado brasiliense\u00a0vem de tr\u00eas anos consecutivos como vice-campe\u00e3o do Distrito Federal. A equipe fez uma brilhante participa\u00e7\u00e3o na Copa Sul=Americana deste ano. Em 2016, al\u00e9m do Candang\u00e3o, o Bras\u00edlia disputar\u00e1 a Copa do Brasil e a Copa Verde.<\/p>\n<p>O Bras\u00edlia estreia no Candang\u00e3o 2016 no dia 30 de janeiro, no Serej\u00e3o, diante do Taguatinga.<\/p>\n","protected":false},"excerpt":{"rendered":"<p>Depois da apresenta\u00e7\u00e3o do novo gestor do Bras\u00edlia FC, Leandro Rodrigues, altera\u00e7\u00f5es est\u00e3o ocorrendo na comiss\u00e3o t\u00e9cnica do Colorado do DF. O gerente de futebol Ricardo Freitas e o preparador f\u00edsico, Pedro Hugo, acabaram deixando a equipe candanga. A assessoria de imprensa do Bras\u00edlia FC confirmou a sa\u00edda dos dois membros. Segundo a assessoria de [&hellip;]<\/p>\n","protected":false},"author":1,"featured_media":315,"comment_status":"open","ping_status":"open","sticky":false,"template":"","format":"standard","meta":{"footnotes":""},"categories":[8],"tags":[],"class_list":["post-314","post","type-post","status-publish","format-standard","has-post-thumbnail","hentry","category-futebol"],"_links":{"self":[{"href":"https:\/\/www.esportesbrasilia.com.br\/noticias\/wp-json\/wp\/v2\/posts\/314","targetHints":{"allow":["GET"]}}],"collection":[{"href":"https:\/\/www.esportesbrasilia.com.br\/noticias\/wp-json\/wp\/v2\/posts"}],"about":[{"href":"https:\/\/www.esportesbrasilia.com.br\/noticias\/wp-json\/wp\/v2\/types\/post"}],"author":[{"embeddable":true,"href":"https:\/\/www.esportesbrasilia.com.br\/noticias\/wp-json\/wp\/v2\/users\/1"}],"replies":[{"embeddable":true,"href":"https:\/\/www.esportesbrasilia.com.br\/noticias\/wp-json\/wp\/v2\/comments?post=314"}],"version-history":[{"count":1,"href":"https:\/\/www.esportesbrasilia.com.br\/noticias\/wp-json\/wp\/v2\/posts\/314\/revisions"}],"predecessor-version":[{"id":316,"href":"https:\/\/www.esportesbrasilia.com.br\/noticias\/wp-json\/wp\/v2\/posts\/314\/revisions\/316"}],"wp:featuredmedia":[{"embeddable":true,"href":"https:\/\/www.esportesbrasilia.com.br\/noticias\/wp-json\/wp\/v2\/media\/315"}],"wp:attachment":[{"href":"https:\/\/www.esportesbrasilia.com.br\/noticias\/wp-json\/wp\/v2\/media?parent=314"}],"wp:term":[{"taxonomy":"category","embeddable":true,"href":"https:\/\/www.esportesbrasilia.com.br\/noticias\/wp-json\/wp\/v2\/categories?post=314"},{"taxonomy":"post_tag","embeddable":true,"href":"https:\/\/www.esportesbrasilia.com.br\/noticias\/wp-json\/wp\/v2\/tags?post=314"}],"curies":[{"name":"wp","href":"https:\/\/api.w.org\/{rel}","templated":true}]}}