{"id":3135,"date":"2016-09-08T14:57:54","date_gmt":"2016-09-08T17:57:54","guid":{"rendered":"http:\/\/www.esportesbrasilia.com.br\/noticias\/?p=3135"},"modified":"2016-09-08T14:57:54","modified_gmt":"2016-09-08T17:57:54","slug":"ricardo-de-oliveira-conquista-primeiro-ouro-do-brasil-nas-paralimpiadas","status":"publish","type":"post","link":"https:\/\/www.esportesbrasilia.com.br\/noticias\/rio2016\/ricardo-de-oliveira-conquista-primeiro-ouro-do-brasil-nas-paralimpiadas.html","title":{"rendered":"Ricardo de Oliveira conquista primeiro ouro do Brasil nas Paralimp\u00edadas"},"content":{"rendered":"<p>Fonte: Ag\u00eancia Brasil<\/p>\n<p>O Brasil ganhou a primeira medalha de ouro nos Jogos Paral\u00edmpicos 2016. Ricardo Costa de Oliveira conquistou o ouro no salto em dist\u00e2ncia na categoria T11 (cego total).<\/p>\n<p>O brasileiro venceu no \u00faltimo salto, quando alcan\u00e7ou a marca de 6 metros e 52 cent\u00edmetros. A prata ficou com o norte americano Lex Gillete que saltou 6 metros e 44 cent\u00edmetos. Bronze para o ucraniano Ruslan Katyshev com 6 metros e 20 cent\u00edmetros.<\/p>\n<div id=\"attachment_3136\" style=\"width: 1010px\" class=\"wp-caption aligncenter\"><img loading=\"lazy\" decoding=\"async\" aria-describedby=\"caption-attachment-3136\" class=\"size-full wp-image-3136\" src=\"https:\/\/www.esportesbrasilia.com.br\/noticias\/wp-content\/uploads\/ricardocosta_paulomumia_rio2016.jpg\" alt=\"Ricardo Costa levou o primeiro ouro para o Brasil no primeiro dia dos Jogos Paral\u00edmpicos Rio 2016 - Foto: Paulo M\u00famia\/Rio2016\" width=\"1000\" height=\"630\" srcset=\"https:\/\/www.esportesbrasilia.com.br\/noticias\/wp-content\/uploads\/ricardocosta_paulomumia_rio2016.jpg 1000w, https:\/\/www.esportesbrasilia.com.br\/noticias\/wp-content\/uploads\/ricardocosta_paulomumia_rio2016-300x189.jpg 300w, https:\/\/www.esportesbrasilia.com.br\/noticias\/wp-content\/uploads\/ricardocosta_paulomumia_rio2016-768x484.jpg 768w, https:\/\/www.esportesbrasilia.com.br\/noticias\/wp-content\/uploads\/ricardocosta_paulomumia_rio2016-696x438.jpg 696w, https:\/\/www.esportesbrasilia.com.br\/noticias\/wp-content\/uploads\/ricardocosta_paulomumia_rio2016-667x420.jpg 667w\" sizes=\"auto, (max-width: 1000px) 100vw, 1000px\" \/><p id=\"caption-attachment-3136\" class=\"wp-caption-text\">Ricardo Costa levou o primeiro ouro para o Brasil no primeiro dia dos Jogos Paral\u00edmpicos Rio 2016 &#8211; Foto: Paulo M\u00famia\/Rio2016<\/p><\/div>\n","protected":false},"excerpt":{"rendered":"<p>Fonte: Ag\u00eancia Brasil O Brasil ganhou a primeira medalha de ouro nos Jogos Paral\u00edmpicos 2016. Ricardo Costa de Oliveira conquistou o ouro no salto em dist\u00e2ncia na categoria T11 (cego total). O brasileiro venceu no \u00faltimo salto, quando alcan\u00e7ou a marca de 6 metros e 52 cent\u00edmetros. A prata ficou com o norte americano Lex [&hellip;]<\/p>\n","protected":false},"author":1,"featured_media":3136,"comment_status":"open","ping_status":"closed","sticky":false,"template":"","format":"standard","meta":{"footnotes":""},"categories":[28],"tags":[],"class_list":["post-3135","post","type-post","status-publish","format-standard","has-post-thumbnail","hentry","category-rio2016"],"_links":{"self":[{"href":"https:\/\/www.esportesbrasilia.com.br\/noticias\/wp-json\/wp\/v2\/posts\/3135","targetHints":{"allow":["GET"]}}],"collection":[{"href":"https:\/\/www.esportesbrasilia.com.br\/noticias\/wp-json\/wp\/v2\/posts"}],"about":[{"href":"https:\/\/www.esportesbrasilia.com.br\/noticias\/wp-json\/wp\/v2\/types\/post"}],"author":[{"embeddable":true,"href":"https:\/\/www.esportesbrasilia.com.br\/noticias\/wp-json\/wp\/v2\/users\/1"}],"replies":[{"embeddable":true,"href":"https:\/\/www.esportesbrasilia.com.br\/noticias\/wp-json\/wp\/v2\/comments?post=3135"}],"version-history":[{"count":1,"href":"https:\/\/www.esportesbrasilia.com.br\/noticias\/wp-json\/wp\/v2\/posts\/3135\/revisions"}],"predecessor-version":[{"id":3137,"href":"https:\/\/www.esportesbrasilia.com.br\/noticias\/wp-json\/wp\/v2\/posts\/3135\/revisions\/3137"}],"wp:featuredmedia":[{"embeddable":true,"href":"https:\/\/www.esportesbrasilia.com.br\/noticias\/wp-json\/wp\/v2\/media\/3136"}],"wp:attachment":[{"href":"https:\/\/www.esportesbrasilia.com.br\/noticias\/wp-json\/wp\/v2\/media?parent=3135"}],"wp:term":[{"taxonomy":"category","embeddable":true,"href":"https:\/\/www.esportesbrasilia.com.br\/noticias\/wp-json\/wp\/v2\/categories?post=3135"},{"taxonomy":"post_tag","embeddable":true,"href":"https:\/\/www.esportesbrasilia.com.br\/noticias\/wp-json\/wp\/v2\/tags?post=3135"}],"curies":[{"name":"wp","href":"https:\/\/api.w.org\/{rel}","templated":true}]}}