{"id":3126,"date":"2016-09-08T13:32:33","date_gmt":"2016-09-08T16:32:33","guid":{"rendered":"http:\/\/www.esportesbrasilia.com.br\/noticias\/?p=3126"},"modified":"2016-09-08T16:13:32","modified_gmt":"2016-09-08T19:13:32","slug":"brasil-vence-a-gra-bretanha-na-estreia-do-futebol-de-7","status":"publish","type":"post","link":"https:\/\/www.esportesbrasilia.com.br\/noticias\/rio2016\/brasil-vence-a-gra-bretanha-na-estreia-do-futebol-de-7.html","title":{"rendered":"Brasil vence a Gr\u00e3-Bretanha na estreia do futebol de 7"},"content":{"rendered":"<p>Fonte: Ag\u00eancia Brasil<\/p>\n<p>A sele\u00e7\u00e3o brasileira de futebol de 7 venceu nesta quinta-feira\u00a0(8) a Gr\u00e3-Bretanha por 2 a 1 na estreia do esporte nos Jogos Paral\u00edmpicos Rio 2016. Leandrinho abriu o placar logo no in\u00edcio, com menos de 15 minutos de bola rolando. O brasileiro Maycon e o brit\u00e2nico David Porcher tamb\u00e9m marcaram gols na partida.<\/p>\n<p>O Brasil apresentou melhor desempenho em campo, com 56% de posse de bola e nove chutes a gol contra quatro da Gr\u00e3-Bretanha. A equipe, entretanto, fechou o jogo com quatro cart\u00f5es amarelos contra tr\u00eas do advers\u00e1rio.<\/p>\n<div id=\"attachment_3139\" style=\"width: 650px\" class=\"wp-caption aligncenter\"><img loading=\"lazy\" decoding=\"async\" aria-describedby=\"caption-attachment-3139\" class=\"size-large wp-image-3139\" src=\"https:\/\/www.esportesbrasilia.com.br\/noticias\/wp-content\/uploads\/brasilxgrabretanha_clebermendes_mpix-1024x600.jpg\" alt=\"Maycon (E) marcou um dos gols da sele\u00e7\u00e3o brasileira na vit\u00f3ria sobre a Gr\u00e3-Bretanha - Foto: Cleber Mendes\/MPix\" width=\"640\" height=\"375\" srcset=\"https:\/\/www.esportesbrasilia.com.br\/noticias\/wp-content\/uploads\/brasilxgrabretanha_clebermendes_mpix-1024x600.jpg 1024w, https:\/\/www.esportesbrasilia.com.br\/noticias\/wp-content\/uploads\/brasilxgrabretanha_clebermendes_mpix-300x176.jpg 300w, https:\/\/www.esportesbrasilia.com.br\/noticias\/wp-content\/uploads\/brasilxgrabretanha_clebermendes_mpix-768x450.jpg 768w, https:\/\/www.esportesbrasilia.com.br\/noticias\/wp-content\/uploads\/brasilxgrabretanha_clebermendes_mpix-696x408.jpg 696w, https:\/\/www.esportesbrasilia.com.br\/noticias\/wp-content\/uploads\/brasilxgrabretanha_clebermendes_mpix-1068x626.jpg 1068w, https:\/\/www.esportesbrasilia.com.br\/noticias\/wp-content\/uploads\/brasilxgrabretanha_clebermendes_mpix-717x420.jpg 717w, https:\/\/www.esportesbrasilia.com.br\/noticias\/wp-content\/uploads\/brasilxgrabretanha_clebermendes_mpix.jpg 2048w\" sizes=\"auto, (max-width: 640px) 100vw, 640px\" \/><p id=\"caption-attachment-3139\" class=\"wp-caption-text\">Maycon (E) marcou um dos gols da sele\u00e7\u00e3o brasileira na vit\u00f3ria sobre a Gr\u00e3-Bretanha &#8211; Foto: Cleber Mendes\/MPix<\/p><\/div>\n<p>Com a vit\u00f3ria na estreia, a sele\u00e7\u00e3o brasileira tem 3 pontos e ocupa a primeira coloca\u00e7\u00e3o no grupo A. O pr\u00f3ximo jogo do Brasil acontece no s\u00e1bado (10), \u00e0s 19h, contra a Irlanda. Na segunda-feira (12), a equipe enfrenta a Ucr\u00e2nia, tamb\u00e9m \u00e0s 19h.<\/p>\n","protected":false},"excerpt":{"rendered":"<p>Fonte: Ag\u00eancia Brasil A sele\u00e7\u00e3o brasileira de futebol de 7 venceu nesta quinta-feira\u00a0(8) a Gr\u00e3-Bretanha por 2 a 1 na estreia do esporte nos Jogos Paral\u00edmpicos Rio 2016. Leandrinho abriu o placar logo no in\u00edcio, com menos de 15 minutos de bola rolando. O brasileiro Maycon e o brit\u00e2nico David Porcher tamb\u00e9m marcaram gols na [&hellip;]<\/p>\n","protected":false},"author":1,"featured_media":3139,"comment_status":"open","ping_status":"closed","sticky":false,"template":"","format":"standard","meta":{"footnotes":""},"categories":[28],"tags":[],"class_list":["post-3126","post","type-post","status-publish","format-standard","has-post-thumbnail","hentry","category-rio2016"],"_links":{"self":[{"href":"https:\/\/www.esportesbrasilia.com.br\/noticias\/wp-json\/wp\/v2\/posts\/3126","targetHints":{"allow":["GET"]}}],"collection":[{"href":"https:\/\/www.esportesbrasilia.com.br\/noticias\/wp-json\/wp\/v2\/posts"}],"about":[{"href":"https:\/\/www.esportesbrasilia.com.br\/noticias\/wp-json\/wp\/v2\/types\/post"}],"author":[{"embeddable":true,"href":"https:\/\/www.esportesbrasilia.com.br\/noticias\/wp-json\/wp\/v2\/users\/1"}],"replies":[{"embeddable":true,"href":"https:\/\/www.esportesbrasilia.com.br\/noticias\/wp-json\/wp\/v2\/comments?post=3126"}],"version-history":[{"count":3,"href":"https:\/\/www.esportesbrasilia.com.br\/noticias\/wp-json\/wp\/v2\/posts\/3126\/revisions"}],"predecessor-version":[{"id":3141,"href":"https:\/\/www.esportesbrasilia.com.br\/noticias\/wp-json\/wp\/v2\/posts\/3126\/revisions\/3141"}],"wp:featuredmedia":[{"embeddable":true,"href":"https:\/\/www.esportesbrasilia.com.br\/noticias\/wp-json\/wp\/v2\/media\/3139"}],"wp:attachment":[{"href":"https:\/\/www.esportesbrasilia.com.br\/noticias\/wp-json\/wp\/v2\/media?parent=3126"}],"wp:term":[{"taxonomy":"category","embeddable":true,"href":"https:\/\/www.esportesbrasilia.com.br\/noticias\/wp-json\/wp\/v2\/categories?post=3126"},{"taxonomy":"post_tag","embeddable":true,"href":"https:\/\/www.esportesbrasilia.com.br\/noticias\/wp-json\/wp\/v2\/tags?post=3126"}],"curies":[{"name":"wp","href":"https:\/\/api.w.org\/{rel}","templated":true}]}}