{"id":3101,"date":"2016-09-06T09:09:17","date_gmt":"2016-09-06T12:09:17","guid":{"rendered":"http:\/\/www.esportesbrasilia.com.br\/noticias\/?p=3101"},"modified":"2016-09-05T19:11:52","modified_gmt":"2016-09-05T22:11:52","slug":"porta-bandeira-do-brasil-nas-paralimpiadas-shirlene-fica-surpresa-e-orgulhosa","status":"publish","type":"post","link":"https:\/\/www.esportesbrasilia.com.br\/noticias\/rio2016\/porta-bandeira-do-brasil-nas-paralimpiadas-shirlene-fica-surpresa-e-orgulhosa.html","title":{"rendered":"Porta-bandeira do Brasil nas Paralimp\u00edadas, Shirlene fica surpresa e orgulhosa"},"content":{"rendered":"<p>Fonte: Ag\u00eancia Brasil<\/p>\n<p>A atleta Shirlene Coelho disse hoje (5) que foi pega de surpresa ao saber que seria a porta-bandeira da delega\u00e7\u00e3o brasileira durante a abertura dos Jogos Paral\u00edmpicos do Rio de Janeiro. \u201cN\u00e3o esperava, n\u00e3o sabia que era t\u00e3o querida entre os atletas\u201d, disse Shirlene, que declarou estar feliz e orgulhosa com a oportunidade.<\/p>\n<p>A atleta conquistou o ouro nos Jogos de Londres, em 2012, e prata em Pequim, em 2008, no lan\u00e7amento de dardo, na categoria F37 (atletas com paralisia cerebral).<\/p>\n<p>Shirlene concorreu com atletas como o judoca Ant\u00f4nio Ten\u00f3rio (dono de cinco medalhas em Jogos Ol\u00edmpicos), e do velocista Yohansson Nascimento (ouro nos 200m em Londres). A escolha, que era baseada na indica\u00e7\u00e3o dos chefes de miss\u00e3o, foi realizada por elei\u00e7\u00e3o aberta, com a participa\u00e7\u00e3o dos 286 atletas que representam o Brasil. Os candidatos tinham como requisito a conquista de, pelo menos, um ouro paral\u00edmpico, e n\u00e3o podiam competir no dia seguinte \u00e0 cerim\u00f4nia.<\/p>\n<div id=\"attachment_3102\" style=\"width: 770px\" class=\"wp-caption aligncenter\"><img loading=\"lazy\" decoding=\"async\" aria-describedby=\"caption-attachment-3102\" class=\"size-full wp-image-3102\" src=\"https:\/\/www.esportesbrasilia.com.br\/noticias\/wp-content\/uploads\/shirlenecoelho.jpeg\" alt=\"Shirlene Coelho ser\u00e1 a porta-bandeira na abertura das Paralimp\u00edadas Rio 2016 - Foto: CPB\/Divulga\u00e7\u00e3o\" width=\"760\" height=\"506\" srcset=\"https:\/\/www.esportesbrasilia.com.br\/noticias\/wp-content\/uploads\/shirlenecoelho.jpeg 760w, https:\/\/www.esportesbrasilia.com.br\/noticias\/wp-content\/uploads\/shirlenecoelho-300x200.jpeg 300w, https:\/\/www.esportesbrasilia.com.br\/noticias\/wp-content\/uploads\/shirlenecoelho-696x463.jpeg 696w, https:\/\/www.esportesbrasilia.com.br\/noticias\/wp-content\/uploads\/shirlenecoelho-631x420.jpeg 631w\" sizes=\"auto, (max-width: 760px) 100vw, 760px\" \/><p id=\"caption-attachment-3102\" class=\"wp-caption-text\">Shirlene Coelho ser\u00e1 a porta-bandeira na abertura das Paralimp\u00edadas Rio 2016 &#8211; Foto: CPB\/Divulga\u00e7\u00e3o<\/p><\/div>\n<p>Primeira mulher a conduzir a bandeira verde e amarela em jogos paral\u00edmpicos, a atleta contou o sacrif\u00edcio que fez para poder participar desta Paralimp\u00edada. \u201cTive que trancar a faculdade para ter mais tempo para me preparar melhor. Trein\u00e1vamos praticamente todos os dias e, tr\u00eas vezes por semana, trein\u00e1vamos duas vezes no mesmo dia\u201d, disse ela. Esta ser\u00e1 a primeira vez que a fam\u00edlia vai v\u00ea-la competindo em uma Paralimp\u00edada.<\/p>\n<p>Al\u00e9m de Shirlene, 61 integrantes da equipe brasileira de paratletismo participam dos Jogos de 2016. Antes de praticar lan\u00e7amento de dardo, ela passou pelo basquete em cadeira de rodas, em 2005, e pelo lan\u00e7amento de disco, em 2006.<\/p>\n<p>\u201cCom tr\u00eas meses de treinamento, meu treinador me inscreveu na primeira competi\u00e7\u00e3o regional, em Urberl\u00e2ndia, para as provas de dardo, peso e disco. Um dia antes de viajar conheci o dardo e o peso. E nessa brincadeira bati o recorde brasileiro de dardo. E a brincadeira continua at\u00e9 hoje\u201d, lembrou ela, que tamb\u00e9m \u00e9 recordista mundial da prova. Na Rio 2016, ela disputar\u00e1 mais duas provas, al\u00e9m do lan\u00e7amento de dardo: o arremesso de peso e o lan\u00e7amento de disco.<\/p>\n","protected":false},"excerpt":{"rendered":"<p>Fonte: Ag\u00eancia Brasil A atleta Shirlene Coelho disse hoje (5) que foi pega de surpresa ao saber que seria a porta-bandeira da delega\u00e7\u00e3o brasileira durante a abertura dos Jogos Paral\u00edmpicos do Rio de Janeiro. \u201cN\u00e3o esperava, n\u00e3o sabia que era t\u00e3o querida entre os atletas\u201d, disse Shirlene, que declarou estar feliz e orgulhosa com a [&hellip;]<\/p>\n","protected":false},"author":1,"featured_media":3102,"comment_status":"open","ping_status":"closed","sticky":false,"template":"","format":"standard","meta":{"footnotes":""},"categories":[28],"tags":[],"class_list":["post-3101","post","type-post","status-publish","format-standard","has-post-thumbnail","hentry","category-rio2016"],"_links":{"self":[{"href":"https:\/\/www.esportesbrasilia.com.br\/noticias\/wp-json\/wp\/v2\/posts\/3101","targetHints":{"allow":["GET"]}}],"collection":[{"href":"https:\/\/www.esportesbrasilia.com.br\/noticias\/wp-json\/wp\/v2\/posts"}],"about":[{"href":"https:\/\/www.esportesbrasilia.com.br\/noticias\/wp-json\/wp\/v2\/types\/post"}],"author":[{"embeddable":true,"href":"https:\/\/www.esportesbrasilia.com.br\/noticias\/wp-json\/wp\/v2\/users\/1"}],"replies":[{"embeddable":true,"href":"https:\/\/www.esportesbrasilia.com.br\/noticias\/wp-json\/wp\/v2\/comments?post=3101"}],"version-history":[{"count":1,"href":"https:\/\/www.esportesbrasilia.com.br\/noticias\/wp-json\/wp\/v2\/posts\/3101\/revisions"}],"predecessor-version":[{"id":3103,"href":"https:\/\/www.esportesbrasilia.com.br\/noticias\/wp-json\/wp\/v2\/posts\/3101\/revisions\/3103"}],"wp:featuredmedia":[{"embeddable":true,"href":"https:\/\/www.esportesbrasilia.com.br\/noticias\/wp-json\/wp\/v2\/media\/3102"}],"wp:attachment":[{"href":"https:\/\/www.esportesbrasilia.com.br\/noticias\/wp-json\/wp\/v2\/media?parent=3101"}],"wp:term":[{"taxonomy":"category","embeddable":true,"href":"https:\/\/www.esportesbrasilia.com.br\/noticias\/wp-json\/wp\/v2\/categories?post=3101"},{"taxonomy":"post_tag","embeddable":true,"href":"https:\/\/www.esportesbrasilia.com.br\/noticias\/wp-json\/wp\/v2\/tags?post=3101"}],"curies":[{"name":"wp","href":"https:\/\/api.w.org\/{rel}","templated":true}]}}