{"id":3073,"date":"2016-08-30T09:50:42","date_gmt":"2016-08-30T12:50:42","guid":{"rendered":"http:\/\/www.esportesbrasilia.com.br\/noticias\/?p=3073"},"modified":"2016-08-30T09:50:42","modified_gmt":"2016-08-30T12:50:42","slug":"mane-garrincha-recebe-desafio-de-volei-neste-domingo","status":"publish","type":"post","link":"https:\/\/www.esportesbrasilia.com.br\/noticias\/volei\/mane-garrincha-recebe-desafio-de-volei-neste-domingo.html","title":{"rendered":"Man\u00e9 Garrincha recebe Desafio de V\u00f4lei neste domingo"},"content":{"rendered":"<p>Com informa\u00e7\u00f5es da CBV<\/p>\n<p>A sele\u00e7\u00e3o brasileira masculina de v\u00f4lei ter\u00e1 um motivado advers\u00e1rio nos jogos comemorativos pela conquista do tricampeonato ol\u00edmpico. O Brasil enfrentar\u00e1 Portugal, que se prepara para o classificat\u00f3rio do Campeonato Europeu, no Desafio de Ouro, nos dias 3 e 4 de setembro, respectivamente, em Curitiba (PR) e Bras\u00edlia (DF). A partida na cidade paranaense ser\u00e1 realizada no Est\u00e1dio do Atl\u00e9tico Paranaense, \u00e0s 16h, e o jogo na capital federal acontecer\u00e1 no Est\u00e1dio Man\u00e9 Garrincha, \u00e0s 10h, com transmiss\u00e3o da <strong>Esportes Bras\u00edlia<\/strong>.<\/p>\n<p>Portugal \u00e9 comandado por um velho conhecido da torcida verde e amarela. O treinador brasileiro Chico dos Santos assumiu o comando da equipe portuguesa nessa temporada e levou o time europeu ao vice-campeonato da segunda divis\u00e3o da Liga Mundial. O t\u00e9cnico tamb\u00e9m tem uma hist\u00f3ria de sucesso com a sele\u00e7\u00e3o brasileira e fez parte da comiss\u00e3o t\u00e9cnica que liderou o Brasil na campanha da medalha de ouro nos Jogos Ol\u00edmpicos de Atenas, em 2004, al\u00e9m de outras conquistas.<\/p>\n<p>Para Chico dos Santos a expectativa de enfrentar o Brasil como prepara\u00e7\u00e3o para o classificat\u00f3rio do Campeonato Europeu \u00e9 a melhor poss\u00edvel. O treinador brasileiro espera realizar bons confrontos contra o time do t\u00e9cnico Bernardinho.<\/p>\n<p>\u201cEsse convite \u00e9 muito importante, pois vamos enfrentar a equipe mais forte do mundo diante de um grande n\u00famero de pessoas. Essa partida vai dar ritmo de jogo para os nossos jogadores e vamos nos preparar da melhor maneira poss\u00edvel para o classificat\u00f3rio do Campeonato Europeu\u201d, disse Chico dos Santos, que tamb\u00e9m fez quest\u00e3o de parabenizar o Brasil pela conquista da medalha de ouro nos Jogos Ol\u00edmpicos do Rio.<\/p>\n<p>\u201cFiquei muito contente pelo Brasil ganhar a medalha de ouro porque al\u00e9m de ser a sele\u00e7\u00e3o do meu pa\u00eds, conhe\u00e7o e trabalhei com a maior parte dos jogadores. O Bernardo faz um excelente trabalho na sele\u00e7\u00e3o e eles mereceram mais esse grande resultado\u201d, afirmou Chico dos Santos.<\/p>\n<p>O treinador Chico dos Santos ainda comentou sobre a despedida do l\u00edbero Serginho da sele\u00e7\u00e3o brasileira e elogiou a participa\u00e7\u00e3o do oposto Wallace nos Jogos Ol\u00edmpicos do Rio. \u201c\u00c9 com tristeza que se v\u00ea um jogador como o Serginho deixar a sele\u00e7\u00e3o, mas compreendo perfeitamente, pois ele est\u00e1 com 40 anos, tem tr\u00eas filhos e quer curtir a fam\u00edlia. Ele ainda tinha condi\u00e7\u00f5es de continuar porque \u00e9 um l\u00edbero fenomenal. O Serginho e o Wallace foram os melhores nos Jogos Ol\u00edmpicos do Rio\u201d, disse Chico dos Santos.<\/p>\n<p><strong>Tricampe\u00f5es ol\u00edmpicos<\/strong><br \/>\nO Brasil se tornou tricampe\u00e3o ol\u00edmpico no \u00faltimo domingo (21.08) ao bater a It\u00e1lia na grande final por 3 sets a 0 (25\/22, 28\/26 e 26\/24), em 1h37 de jogo, no gin\u00e1sio do Maracan\u00e3zinho, no Rio de Janeiro.<\/p>\n<p>As tr\u00eas primeiras medalhas de ouro haviam sido conquistadas em Barcelona 1992, sob o comando de Jos\u00e9 Roberto Guimar\u00e3es, e em Atenas 2004, j\u00e1 com Bernardinho. Al\u00e9m disso, o Brasil conquistou a prata ol\u00edmpica em Los Angeles 1984, Pequim 2008 e Londres 2012.<\/p>\n<p>Confira o pre\u00e7o dos ingressos, que est\u00e3o a venda pelo site <a href=\"http:\/\/www.bilheteriadigital.com\" target=\"_blank\">www.bilheteriadigital.com<\/a>:<\/p>\n<p><strong>Cadeiras N\u00edvel inferior<\/strong> \u2013 Inteira R$ 80,00 \u2013 Meia R$ 40,00<br \/>\n<strong>Cadeiras Hospitality<\/strong> \u2013 Inteira R$ 60,00 \u2013 Meia R$ 30,00<br \/>\n<strong>Cadeiras N\u00edvel superior<\/strong> \u2013 Inteira 40,00 \u2013 Meia R$ 20,00<br \/>\n<strong>Cadeiras Camarote<\/strong> \u2013 Inteira R$ 300,00 \u2013 Meia R$ 150,00. Neste setor est\u00e1 incluso servi\u00e7o de catering (kit lanche e bebidas) e estacionamento.<br \/>\n<strong>Cadeiras Pista Premium<\/strong> \u2013 Inteira R$ 500,00 \u2013 Meia R$ 250,00. Neste setor est\u00e1 incluso servi\u00e7o de catering e estacionamento.<\/p>\n","protected":false},"excerpt":{"rendered":"<p>Com informa\u00e7\u00f5es da CBV A sele\u00e7\u00e3o brasileira masculina de v\u00f4lei ter\u00e1 um motivado advers\u00e1rio nos jogos comemorativos pela conquista do tricampeonato ol\u00edmpico. O Brasil enfrentar\u00e1 Portugal, que se prepara para o classificat\u00f3rio do Campeonato Europeu, no Desafio de Ouro, nos dias 3 e 4 de setembro, respectivamente, em Curitiba (PR) e Bras\u00edlia (DF). A partida [&hellip;]<\/p>\n","protected":false},"author":1,"featured_media":3074,"comment_status":"open","ping_status":"closed","sticky":false,"template":"","format":"standard","meta":{"footnotes":""},"categories":[11],"tags":[],"class_list":["post-3073","post","type-post","status-publish","format-standard","has-post-thumbnail","hentry","category-volei"],"_links":{"self":[{"href":"https:\/\/www.esportesbrasilia.com.br\/noticias\/wp-json\/wp\/v2\/posts\/3073","targetHints":{"allow":["GET"]}}],"collection":[{"href":"https:\/\/www.esportesbrasilia.com.br\/noticias\/wp-json\/wp\/v2\/posts"}],"about":[{"href":"https:\/\/www.esportesbrasilia.com.br\/noticias\/wp-json\/wp\/v2\/types\/post"}],"author":[{"embeddable":true,"href":"https:\/\/www.esportesbrasilia.com.br\/noticias\/wp-json\/wp\/v2\/users\/1"}],"replies":[{"embeddable":true,"href":"https:\/\/www.esportesbrasilia.com.br\/noticias\/wp-json\/wp\/v2\/comments?post=3073"}],"version-history":[{"count":1,"href":"https:\/\/www.esportesbrasilia.com.br\/noticias\/wp-json\/wp\/v2\/posts\/3073\/revisions"}],"predecessor-version":[{"id":3075,"href":"https:\/\/www.esportesbrasilia.com.br\/noticias\/wp-json\/wp\/v2\/posts\/3073\/revisions\/3075"}],"wp:featuredmedia":[{"embeddable":true,"href":"https:\/\/www.esportesbrasilia.com.br\/noticias\/wp-json\/wp\/v2\/media\/3074"}],"wp:attachment":[{"href":"https:\/\/www.esportesbrasilia.com.br\/noticias\/wp-json\/wp\/v2\/media?parent=3073"}],"wp:term":[{"taxonomy":"category","embeddable":true,"href":"https:\/\/www.esportesbrasilia.com.br\/noticias\/wp-json\/wp\/v2\/categories?post=3073"},{"taxonomy":"post_tag","embeddable":true,"href":"https:\/\/www.esportesbrasilia.com.br\/noticias\/wp-json\/wp\/v2\/tags?post=3073"}],"curies":[{"name":"wp","href":"https:\/\/api.w.org\/{rel}","templated":true}]}}