{"id":30630,"date":"2026-09-04T12:43:12","date_gmt":"2026-09-04T15:43:12","guid":{"rendered":"https:\/\/www.esportesbrasilia.com.br\/noticias\/?p=30630"},"modified":"2026-09-04T12:45:42","modified_gmt":"2026-09-04T15:45:42","slug":"definidos-os-times-classificados-para-o-brasileirao-serie-c-de-2027","status":"publish","type":"post","link":"https:\/\/www.esportesbrasilia.com.br\/noticias\/futebol\/definidos-os-times-classificados-para-o-brasileirao-serie-c-de-2027.html","title":{"rendered":"Definidos os times classificados para o Brasileir\u00e3o S\u00e9rie C de 2027"},"content":{"rendered":"\n<p>Foto: Filipe Fonseca\/SE Gama SAF<\/p>\n\n\n\n<p>Esta quinta-feira (03.09) marcou a defini\u00e7\u00e3o dos seis times que garantiram o acesso para o Brasileir\u00e3o S\u00e9rie C de 2027. A \u00faltima vaga ficou com o Nacional\/AM, que havia vencido o CSA\/AL por 3&#215;1, no \u00faltimo dia 27 de agosto, e empatou, nesta quinta, em 0x0.<\/p>\n\n\n\n<p>Com isso, as seis vagas foram confirmadas. O Gama ser\u00e1 o \u00fanico time do Distrito Federal na terceira divis\u00e3o nacional do ano que vem. O alviverde, comandado por Luiz Carlos Souza, empatou em 0x0 com o S\u00e3o Jos\u00e9\/RS, no jogo de ida, e goleou o time ga\u00facho por 4&#215;0 na partida de volta, confirmando o acesso.<\/p>\n\n\n\n<p>As quatro vagas diretas ficaram com o Gama (que eliminou o S\u00e3o Jos\u00e9\/RS), o ASA\/AL (que despachou o Goiatuba\/GO), o ABC\/RN (que eliminou o Nacional\/AM) e o Uberl\u00e2ndia\/MG (que despachou o CSA\/AL).<\/p>\n\n\n\n<p>CSA, Goiatuba, Nacional e S\u00e3o Jos\u00e9 disputaram os playoffs em busca de mais duas vagas. Como voc\u00ea leu no in\u00edcio do texto, o Nacional ficou com uma das vagas. A outra ficou com o Goiatuba, que empatou na ida em 0x0 com o S\u00e3o Jos\u00e9 no jogo de ida e, na \u00faltima quarta-feira (02.09), na partida de volta, empatou em 1&#215;1.<\/p>\n\n\n\n<p>Confira os seis times que garantiram o acesso para a S\u00e9rie C 2027:<\/p>\n\n\n\n<ul class=\"wp-block-list\">\n<li>ABC\/RN (quartas de final)<\/li>\n\n\n\n<li>ASA\/AL (quartas de final)<\/li>\n\n\n\n<li>Gama (quartas de final)<\/li>\n\n\n\n<li>Goiatuba\/GO (playoffs)<\/li>\n\n\n\n<li>Nacional\/AM (playoffs)<\/li>\n\n\n\n<li>Uberl\u00e2ndia\/MG (quartas de final)<\/li>\n<\/ul>\n\n\n\n<p><\/p>\n\n\n\n<p>A final da S\u00e9rie D 2026 ser\u00e1 disputada entre ASA e Uberl\u00e2ndia. O jogo de ida acontece neste domingo (06.09), \u00e0s 17h, em Arapiraca\/AL. A partida de volta ser\u00e1 disputada no dia 13 de setembro, \u00e0s 17h, em Uberl\u00e2ndia\/MG.<\/p>\n","protected":false},"excerpt":{"rendered":"<p>Gama \u00e9 o \u00fanico representante do DF que se classificou para a terceira divis\u00e3o do ano que vem<\/p>\n","protected":false},"author":1,"featured_media":30631,"comment_status":"closed","ping_status":"closed","sticky":false,"template":"","format":"standard","meta":{"footnotes":""},"categories":[8],"tags":[],"class_list":["post-30630","post","type-post","status-publish","format-standard","has-post-thumbnail","hentry","category-futebol"],"_links":{"self":[{"href":"https:\/\/www.esportesbrasilia.com.br\/noticias\/wp-json\/wp\/v2\/posts\/30630","targetHints":{"allow":["GET"]}}],"collection":[{"href":"https:\/\/www.esportesbrasilia.com.br\/noticias\/wp-json\/wp\/v2\/posts"}],"about":[{"href":"https:\/\/www.esportesbrasilia.com.br\/noticias\/wp-json\/wp\/v2\/types\/post"}],"author":[{"embeddable":true,"href":"https:\/\/www.esportesbrasilia.com.br\/noticias\/wp-json\/wp\/v2\/users\/1"}],"replies":[{"embeddable":true,"href":"https:\/\/www.esportesbrasilia.com.br\/noticias\/wp-json\/wp\/v2\/comments?post=30630"}],"version-history":[{"count":3,"href":"https:\/\/www.esportesbrasilia.com.br\/noticias\/wp-json\/wp\/v2\/posts\/30630\/revisions"}],"predecessor-version":[{"id":30635,"href":"https:\/\/www.esportesbrasilia.com.br\/noticias\/wp-json\/wp\/v2\/posts\/30630\/revisions\/30635"}],"wp:featuredmedia":[{"embeddable":true,"href":"https:\/\/www.esportesbrasilia.com.br\/noticias\/wp-json\/wp\/v2\/media\/30631"}],"wp:attachment":[{"href":"https:\/\/www.esportesbrasilia.com.br\/noticias\/wp-json\/wp\/v2\/media?parent=30630"}],"wp:term":[{"taxonomy":"category","embeddable":true,"href":"https:\/\/www.esportesbrasilia.com.br\/noticias\/wp-json\/wp\/v2\/categories?post=30630"},{"taxonomy":"post_tag","embeddable":true,"href":"https:\/\/www.esportesbrasilia.com.br\/noticias\/wp-json\/wp\/v2\/tags?post=30630"}],"curies":[{"name":"wp","href":"https:\/\/api.w.org\/{rel}","templated":true}]}}