{"id":3056,"date":"2016-08-23T14:07:01","date_gmt":"2016-08-23T17:07:01","guid":{"rendered":"http:\/\/www.esportesbrasilia.com.br\/noticias\/?p=3056"},"modified":"2016-08-23T14:07:01","modified_gmt":"2016-08-23T17:07:01","slug":"editorial-futebol-profissional-da-capital-do-brasil-em-ferias-ate-o-candangao-2017","status":"publish","type":"post","link":"https:\/\/www.esportesbrasilia.com.br\/noticias\/institucional\/editorial-futebol-profissional-da-capital-do-brasil-em-ferias-ate-o-candangao-2017.html","title":{"rendered":"Editorial: Futebol profissional da Capital do Brasil em f\u00e9rias at\u00e9 o Candang\u00e3o 2017"},"content":{"rendered":"<p>A desclassifica\u00e7\u00e3o do Ceil\u00e2ndia Esporte Clube n\u00e3o foi traum\u00e1tica somente para a torcida do gato candango. Foi traum\u00e1tica tamb\u00e9m para os demais desportistas da capital do Brasil. O \u00fanico clube do futebol profissional do DF que estava em atividade era o Ceil\u00e2ndia.<\/p>\n<p>Com a\u00a0elimina\u00e7\u00e3o nas oitavas de final da s\u00e9rie D, ap\u00f3s a derrota nos p\u00eanaltis para o Fluminense de Feira de Santana, o Ceil\u00e2ndia juntou-se aos demais clubes candangos em f\u00e9rias at\u00e9 o in\u00edcio da prepara\u00e7\u00e3o para o Candang\u00e3o 2017. Luzi\u00e2nia e Ceil\u00e2ndia estar\u00e3o disputando tamb\u00e9m a Copa do Brasil, Copa Verde e a S\u00e9rie D do ano que vem.<\/p>\n<p>J\u00e1 os outros clubes candangos, caso de Gama, Brasiliense, Sobradinho, por exemplo, estar\u00e3o brigando pelo t\u00edtulo candango do ano que vem na busca de vaga para a s\u00e9rie D de 2018 e Copas Verde e do Brasil.<\/p>\n<p>As suntuosas instala\u00e7\u00f5es do Est\u00e1dio Nacional Man\u00e9 Garrincha, que custou aos cofres p\u00fablicos quase dois bilh\u00f5es de reais, n\u00e3o era praticamente disponibilizado ao futebol candango. Continuar\u00e1 sediando jogos de clubes do eixo Rio, S\u00e3o Paulo e Belo Horizonte. Fluminense x Palmeiras j\u00e1 acertaram a utiliza\u00e7\u00e3o da arena para um jogo da s\u00e9rie A do brasileiro.<\/p>\n<p>Os est\u00e1dios Bezerr\u00e3o, Cave e Abadi\u00e3o estar\u00e3o na expectativa de serem usados no Candang\u00e3o do ano que vem. J\u00e1 o est\u00e1dio Serej\u00e3o, depois da sa\u00edda do Brasiliense de l\u00e1, est\u00e1 abandonado, precisando urgentemente de uma reforma.<\/p>\n<p>Os profissionais da bola est\u00e3o todos em ritmo de f\u00e9rias for\u00e7adas, exceto o Gama, que promete come\u00e7ar antecipadamente os trabalhos para 2017. O Ceil\u00e2ndia ter\u00e1 uma reuni\u00e3o de diretoria na quarta-feira para definir os pr\u00f3ximos passos do clube.<\/p>\n<p>J\u00e1 o Bras\u00edlia, que chegou a disputar a Copa Sul Americana, est\u00e1 em compasso de espera, pois o principal mandat\u00e1rio\u00a0est\u00e1 investindo no Dom Pedro, clube que se classificou para a divis\u00e3o principal do DF em 2017.<\/p>\n<p>O Brasiliense, que tem como principal mandat\u00e1rio\u00a0o ex-senador Luiz Estev\u00e3o, que cumpre puni\u00e7\u00e3o na penitenci\u00e1ria em Bras\u00edlia, ainda n\u00e3o adiantou qual ser\u00e1 a programa\u00e7\u00e3o para 2017.<\/p>\n<p>E A IMPRENSA ESPORTIVA COMO FICA?<\/p>\n<p>Com exce\u00e7\u00e3o das equipes esportivas de r\u00e1dio via internet, caso da\u00a0<strong>Esportes Bras\u00edlia<\/strong>, as emissoras comerciais est\u00e3o em marcha lenta. Em uma delas, a Planalto AM, a programa\u00e7\u00e3o esportiva\u00a0vai se\u00a0resumir a\u00a030 minutos di\u00e1rios.\u00a0A R\u00e1dio Redentor tem programa esportivo local em dois dias da semana. Em outros casos, como o da R\u00e1dio Fibra, que foi parceira da\u00a0<strong>Esportes Bras\u00edlia<\/strong>, as atividades foram encerradas.<\/p>\n<p>Os sites esportivos deram uma diminu\u00edda nas suas reportagens sobre o futebol do Distrito Federal.<\/p>\n<p>A Associa\u00e7\u00e3o Brasiliense de Cronistas Desportivos (ABCD) e a Federa\u00e7\u00e3o Brasiliense de Futebol est\u00e3o em processo de elei\u00e7\u00f5es para os comandos.<\/p>\n<p>Que 2017 possa chegar o mais r\u00e1pido poss\u00edvel, pois o meio esportivo candango est\u00e1 paralisado at\u00e9 o fim de 2016.<\/p>\n","protected":false},"excerpt":{"rendered":"<p>A desclassifica\u00e7\u00e3o do Ceil\u00e2ndia Esporte Clube n\u00e3o foi traum\u00e1tica somente para a torcida do gato candango. Foi traum\u00e1tica tamb\u00e9m para os demais desportistas da capital do Brasil. O \u00fanico clube do futebol profissional do DF que estava em atividade era o Ceil\u00e2ndia. Com a\u00a0elimina\u00e7\u00e3o nas oitavas de final da s\u00e9rie D, ap\u00f3s a derrota nos [&hellip;]<\/p>\n","protected":false},"author":1,"featured_media":3057,"comment_status":"open","ping_status":"closed","sticky":false,"template":"","format":"standard","meta":{"footnotes":""},"categories":[27],"tags":[],"class_list":["post-3056","post","type-post","status-publish","format-standard","has-post-thumbnail","hentry","category-institucional"],"_links":{"self":[{"href":"https:\/\/www.esportesbrasilia.com.br\/noticias\/wp-json\/wp\/v2\/posts\/3056","targetHints":{"allow":["GET"]}}],"collection":[{"href":"https:\/\/www.esportesbrasilia.com.br\/noticias\/wp-json\/wp\/v2\/posts"}],"about":[{"href":"https:\/\/www.esportesbrasilia.com.br\/noticias\/wp-json\/wp\/v2\/types\/post"}],"author":[{"embeddable":true,"href":"https:\/\/www.esportesbrasilia.com.br\/noticias\/wp-json\/wp\/v2\/users\/1"}],"replies":[{"embeddable":true,"href":"https:\/\/www.esportesbrasilia.com.br\/noticias\/wp-json\/wp\/v2\/comments?post=3056"}],"version-history":[{"count":1,"href":"https:\/\/www.esportesbrasilia.com.br\/noticias\/wp-json\/wp\/v2\/posts\/3056\/revisions"}],"predecessor-version":[{"id":3058,"href":"https:\/\/www.esportesbrasilia.com.br\/noticias\/wp-json\/wp\/v2\/posts\/3056\/revisions\/3058"}],"wp:featuredmedia":[{"embeddable":true,"href":"https:\/\/www.esportesbrasilia.com.br\/noticias\/wp-json\/wp\/v2\/media\/3057"}],"wp:attachment":[{"href":"https:\/\/www.esportesbrasilia.com.br\/noticias\/wp-json\/wp\/v2\/media?parent=3056"}],"wp:term":[{"taxonomy":"category","embeddable":true,"href":"https:\/\/www.esportesbrasilia.com.br\/noticias\/wp-json\/wp\/v2\/categories?post=3056"},{"taxonomy":"post_tag","embeddable":true,"href":"https:\/\/www.esportesbrasilia.com.br\/noticias\/wp-json\/wp\/v2\/tags?post=3056"}],"curies":[{"name":"wp","href":"https:\/\/api.w.org\/{rel}","templated":true}]}}