{"id":30423,"date":"2026-04-30T00:16:10","date_gmt":"2026-04-30T03:16:10","guid":{"rendered":"https:\/\/www.esportesbrasilia.com.br\/noticias\/?p=30423"},"modified":"2026-04-30T00:18:12","modified_gmt":"2026-04-30T03:18:12","slug":"brasilia-volei-conquista-cbi-sub-19-acesso-b-e-se-classifica-a-elite-da-categoria","status":"publish","type":"post","link":"https:\/\/www.esportesbrasilia.com.br\/noticias\/uncategorized\/brasilia-volei-conquista-cbi-sub-19-acesso-b-e-se-classifica-a-elite-da-categoria.html","title":{"rendered":"Bras\u00edlia V\u00f4lei conquista CBI Sub-19 Acesso B e se classifica \u00e0 elite da categoria"},"content":{"rendered":"\n<p>Cr\u00e9ditos: Reprodu\u00e7\u00e3o Instagram\/ Bras\u00edlia V\u00f4lei<\/p>\n\n\n\n<p>Nesta ter\u00e7a-feira (28), o Bras\u00edlia V\u00f4lei sub-19 venceu o IAPE-MA na final do Campeonato Brasileiro Interclubes (CBI) por 3 x 2 (22&#215;25, 17&#215;25, 25&#215;22, 25&#215;23 e 15&#215;12), e o resultado faz com que o time suba aos grupos classificat\u00f3rios, a elite nacional da categoria. <\/p>\n\n\n\n<p>Os jovens perderam para o IAPE na fase classificat\u00f3ria por 2 x 0 (25&#215;22 e 25&#215;20), mas, no tie-break, conseguiram o t\u00edtulo na final contra os maranhenses. O campeonato foi disputado em Natal, no Rio Grande do Norte, entre os dias 23 e 28 de abril.<\/p>\n\n\n\n<p>O treinador Pedro Jardim, <a href=\"https:\/\/www.esportesbrasilia.com.br\/noticias\/volei\/em-partida-emocionante-distrito-federal-e-campeao-do-cbs-sub-18-masculino.html\">que j\u00e1 fez hist\u00f3ria em 2025 ao ser campe\u00e3o com a sele\u00e7\u00e3o do Distrito Federal do CBS Sub-18 masculino<\/a>, falou \u00e0 <strong>Esportes Bras\u00edlia<\/strong> sobre a import\u00e2ncia da categoria de base para o voleibol da Regi\u00e3o Centro-Oeste. \u201cPara o Centro-Oeste voltar a ficar em evid\u00eancia, precisamos formar bons atletas, nos especializar, entregar melhor qualidade de treinamento. Tendo um clube com duas equipes nas Superligas A e B, aumenta nossa responsabilidade\u201d, afirmou o profissional.<\/p>\n\n\n\n<p>O t\u00e9cnico destacou o conjunto do time e o entrosamento: \u201cDos 10, seis foram campe\u00f5es brasileiros comigo na temporada passada. Como s\u00f3 podemos convocar 10, precis\u00e1vamos de jogadores vers\u00e1teis. Foi uma competi\u00e7\u00e3o extremamente dif\u00edcil, onde precisamos jogar sem o l\u00edbero nos \u00faltimos tr\u00eas sets e o Arthur machucou, ainda assim conseguindo virar a partida\u201d, ressaltou Jardim.<\/p>\n\n\n\n<p>Tamb\u00e9m representaram Bras\u00edlia e o Distrito Federal na categoria outros dois times: o Iate Clube de Bras\u00edlia, com os seguintes resultados: 2 x 1 contra o Recife V\u00f4lei (25&#215;23, 19&#215;25 e 27&#215;25), 1 x 2 contra o JF V\u00f4lei (16&#215;25, 25&#215;21 e 13&#215;15) e 0 x 2 contra o Desportivo Rio Grande (19&#215;25 e 14&#215;25); e o Minas T\u00eanis Clube, com os seguintes resultados: 0 x 2 contra o Fortaleza (20&#215;25 e 17&#215;25), 0 x 2 contra o Bento V\u00f4lei (25&#215;19 e 25&#215;9) e 1 x 2 contra o Clube Esportivo Salvador (20&#215;25, 25&#215;21 e 13&#215;15).<\/p>\n\n\n\n<figure class=\"wp-block-gallery has-nested-images columns-default is-cropped wp-block-gallery-1 is-layout-flex wp-block-gallery-is-layout-flex\">\n<figure class=\"wp-block-image size-large\"><img loading=\"lazy\" decoding=\"async\" width=\"1024\" height=\"769\" data-id=\"30429\" src=\"https:\/\/www.esportesbrasilia.com.br\/noticias\/wp-content\/uploads\/Gal-4-1024x769.jpg\" alt=\"\" class=\"wp-image-30429\" srcset=\"https:\/\/www.esportesbrasilia.com.br\/noticias\/wp-content\/uploads\/Gal-4-1024x769.jpg 1024w, https:\/\/www.esportesbrasilia.com.br\/noticias\/wp-content\/uploads\/Gal-4-300x225.jpg 300w, https:\/\/www.esportesbrasilia.com.br\/noticias\/wp-content\/uploads\/Gal-4-768x577.jpg 768w, https:\/\/www.esportesbrasilia.com.br\/noticias\/wp-content\/uploads\/Gal-4.jpg 1080w\" sizes=\"auto, (max-width: 1024px) 100vw, 1024px\" \/><\/figure>\n\n\n\n<figure class=\"wp-block-image size-large\"><img loading=\"lazy\" decoding=\"async\" width=\"1024\" height=\"1024\" data-id=\"30431\" src=\"https:\/\/www.esportesbrasilia.com.br\/noticias\/wp-content\/uploads\/Gal-3-1024x1024.jpg\" alt=\"\" class=\"wp-image-30431\" srcset=\"https:\/\/www.esportesbrasilia.com.br\/noticias\/wp-content\/uploads\/Gal-3-1024x1024.jpg 1024w, https:\/\/www.esportesbrasilia.com.br\/noticias\/wp-content\/uploads\/Gal-3-300x300.jpg 300w, https:\/\/www.esportesbrasilia.com.br\/noticias\/wp-content\/uploads\/Gal-3-150x150.jpg 150w, https:\/\/www.esportesbrasilia.com.br\/noticias\/wp-content\/uploads\/Gal-3-768x768.jpg 768w, https:\/\/www.esportesbrasilia.com.br\/noticias\/wp-content\/uploads\/Gal-3-80x80.jpg 80w, https:\/\/www.esportesbrasilia.com.br\/noticias\/wp-content\/uploads\/Gal-3.jpg 1200w\" sizes=\"auto, (max-width: 1024px) 100vw, 1024px\" \/><\/figure>\n\n\n\n<figure class=\"wp-block-image size-large\"><img loading=\"lazy\" decoding=\"async\" width=\"1024\" height=\"683\" data-id=\"30430\" src=\"https:\/\/www.esportesbrasilia.com.br\/noticias\/wp-content\/uploads\/Gal-2-1024x683.jpg\" alt=\"\" class=\"wp-image-30430\" srcset=\"https:\/\/www.esportesbrasilia.com.br\/noticias\/wp-content\/uploads\/Gal-2-1024x683.jpg 1024w, https:\/\/www.esportesbrasilia.com.br\/noticias\/wp-content\/uploads\/Gal-2-300x200.jpg 300w, https:\/\/www.esportesbrasilia.com.br\/noticias\/wp-content\/uploads\/Gal-2-768x512.jpg 768w, https:\/\/www.esportesbrasilia.com.br\/noticias\/wp-content\/uploads\/Gal-2.jpg 1200w\" sizes=\"auto, (max-width: 1024px) 100vw, 1024px\" \/><\/figure>\n\n\n\n<figure class=\"wp-block-image size-large\"><img loading=\"lazy\" decoding=\"async\" width=\"770\" height=\"1024\" data-id=\"30432\" src=\"https:\/\/www.esportesbrasilia.com.br\/noticias\/wp-content\/uploads\/Gal-1-770x1024.jpg\" alt=\"\" class=\"wp-image-30432\" srcset=\"https:\/\/www.esportesbrasilia.com.br\/noticias\/wp-content\/uploads\/Gal-1-770x1024.jpg 770w, https:\/\/www.esportesbrasilia.com.br\/noticias\/wp-content\/uploads\/Gal-1-225x300.jpg 225w, https:\/\/www.esportesbrasilia.com.br\/noticias\/wp-content\/uploads\/Gal-1-768x1022.jpg 768w, https:\/\/www.esportesbrasilia.com.br\/noticias\/wp-content\/uploads\/Gal-1.jpg 1080w\" sizes=\"auto, (max-width: 770px) 100vw, 770px\" \/><\/figure>\n<\/figure>\n\n\n\n<h2 class=\"wp-block-heading\">Partidas e premia\u00e7\u00f5es<\/h2>\n\n\n\n<p>Pr\u00eamios individuais:<br>&#8211; Derrick &#8211; Melhor Central<br>&#8211; Guilhermy &#8211; Melhor Ponteiro e MVP<br>&#8211; Pedro Jardim &#8211; Melhor Treinador<\/p>\n\n\n\n<h2 class=\"wp-block-heading\">Elenco<\/h2>\n\n\n\n<p>Levantadores: <br>&#8211; Pedro Barcelo<br>&#8211; Arthur Sousa<br><br>Ponteiros:<br>&#8211; Guilhermy Basilio<br>&#8211; Murilo Amorim<br>&#8211; Davi Bacelar<\/p>\n\n\n\n<p>Oposto:<br>&#8211; Arthur Araujo<\/p>\n\n\n\n<p>Centrais:<br>&#8211; Derrick Alves<br>&#8211; Matheus Couto<br>&#8211; Gabriel Montalvao<br><br>Libero:<br>&#8211; Orlando Santos<\/p>\n\n\n\n<p>Treinador:<br>&#8211; Pedro Jardim<br><\/p>\n\n\n\n<h2 class=\"wp-block-heading\">Campanha <\/h2>\n\n\n\n<p><br>Bras\u00edlia V\u00f4lei 3X0 Associa\u00e7\u00e3o CAMV Sports -GO (25&#215;16, 25&#215;15 e 25&#215;15)<br>Atleta destaque: Pedro Barcelos &#8211; Bras\u00edlia V\u00f4lei<\/p>\n\n\n\n<p>Bras\u00edlia V\u00f4lei 3 x 0 Salvador Volei &#8211; BA (25&#215;16 e 25&#215;12)<br>Atleta destaque: Guilhermy &#8211; Bras\u00edlia V\u00f4lei<br><br>IAPE-MA 2 x 0 Bras\u00edlia V\u00f4lei (25&#215;22 e 25&#215;20) <\/p>\n\n\n\n<p>Bras\u00edlia V\u00f4lei 3 x 1 Desportivo &#8211; RN (25&#215;21, 19&#215;25, 25&#215;22 e 25&#215;22) &#8211; Quartas-de-final<br>Atleta Destaque: Orlando &#8211; Bras\u00edlia V\u00f4lei<\/p>\n\n\n\n<p>Bras\u00edlia V\u00f4lei 3 x 1 Bento V\u00f4lei &#8211; RS (13&#215;25, 25&#215;17, 27&#215;25 e 25&#215;18) &#8211; Semifinal<br>Atleta Destaque: Arthur Araujo &#8211; Bras\u00edlia V\u00f4lei (Irmao do Gui Ara\u00fajo, jogador do Sesi Bauru)<\/p>\n\n\n\n<p>Brasilia 3&#215;2 IAP (22&#215;25, 17&#215;25, 25&#215;22, 25&#215;23 e 15&#215;12) &#8211; Final<br>Atleta Destaque: Derrick Alves &#8211; Bras\u00edlia V\u00f4lei<\/p>\n","protected":false},"excerpt":{"rendered":"<p>Cr\u00e9ditos: Reprodu\u00e7\u00e3o Instagram\/ Bras\u00edlia V\u00f4lei Nesta ter\u00e7a-feira (28), o Bras\u00edlia V\u00f4lei sub-19 venceu o IAPE-MA na final do Campeonato Brasileiro Interclubes (CBI) por 3 x 2 (22&#215;25, 17&#215;25, 25&#215;22, 25&#215;23 e 15&#215;12), e o resultado faz com que o time suba aos grupos classificat\u00f3rios, a elite nacional da categoria. Os jovens perderam para o IAPE [&hellip;]<\/p>\n","protected":false},"author":37,"featured_media":30428,"comment_status":"closed","ping_status":"closed","sticky":false,"template":"","format":"standard","meta":{"footnotes":""},"categories":[1],"tags":[],"class_list":["post-30423","post","type-post","status-publish","format-standard","has-post-thumbnail","hentry","category-uncategorized"],"_links":{"self":[{"href":"https:\/\/www.esportesbrasilia.com.br\/noticias\/wp-json\/wp\/v2\/posts\/30423","targetHints":{"allow":["GET"]}}],"collection":[{"href":"https:\/\/www.esportesbrasilia.com.br\/noticias\/wp-json\/wp\/v2\/posts"}],"about":[{"href":"https:\/\/www.esportesbrasilia.com.br\/noticias\/wp-json\/wp\/v2\/types\/post"}],"author":[{"embeddable":true,"href":"https:\/\/www.esportesbrasilia.com.br\/noticias\/wp-json\/wp\/v2\/users\/37"}],"replies":[{"embeddable":true,"href":"https:\/\/www.esportesbrasilia.com.br\/noticias\/wp-json\/wp\/v2\/comments?post=30423"}],"version-history":[{"count":8,"href":"https:\/\/www.esportesbrasilia.com.br\/noticias\/wp-json\/wp\/v2\/posts\/30423\/revisions"}],"predecessor-version":[{"id":30439,"href":"https:\/\/www.esportesbrasilia.com.br\/noticias\/wp-json\/wp\/v2\/posts\/30423\/revisions\/30439"}],"wp:featuredmedia":[{"embeddable":true,"href":"https:\/\/www.esportesbrasilia.com.br\/noticias\/wp-json\/wp\/v2\/media\/30428"}],"wp:attachment":[{"href":"https:\/\/www.esportesbrasilia.com.br\/noticias\/wp-json\/wp\/v2\/media?parent=30423"}],"wp:term":[{"taxonomy":"category","embeddable":true,"href":"https:\/\/www.esportesbrasilia.com.br\/noticias\/wp-json\/wp\/v2\/categories?post=30423"},{"taxonomy":"post_tag","embeddable":true,"href":"https:\/\/www.esportesbrasilia.com.br\/noticias\/wp-json\/wp\/v2\/tags?post=30423"}],"curies":[{"name":"wp","href":"https:\/\/api.w.org\/{rel}","templated":true}]}}