{"id":30413,"date":"2026-04-28T15:56:42","date_gmt":"2026-04-28T18:56:42","guid":{"rendered":"https:\/\/www.esportesbrasilia.com.br\/noticias\/?p=30413"},"modified":"2026-04-28T16:05:27","modified_gmt":"2026-04-28T19:05:27","slug":"supercopa-capital-sub-17-chega-a-sua-4a-edicao-com-presenca-internacional-inedita","status":"publish","type":"post","link":"https:\/\/www.esportesbrasilia.com.br\/noticias\/futebol\/supercopa-capital-sub-17-chega-a-sua-4a-edicao-com-presenca-internacional-inedita.html","title":{"rendered":"Supercopa Capital Sub-17 chega \u00e0 4\u00aa edi\u00e7\u00e3o com presen\u00e7a internacional in\u00e9dita"},"content":{"rendered":"\n<p>A Supercopa Capital chega \u00e0 sua quarta edi\u00e7\u00e3o consolidada como uma das principais vitrines do futebol de base no Brasil. Entre os dias 1\u00ba e 14 de dezembro, a bola vai rolar em Bras\u00edlia, reunindo alguns dos principais talentos do futebol nacional e internacional em busca do t\u00edtulo.<\/p>\n\n\n\n<p>Uma das grandes novidades desta edi\u00e7\u00e3o \u00e9 a presen\u00e7a in\u00e9dita de um clube estrangeiro. O tradicional Club Atl\u00e9tico Belgrano, da Argentina, est\u00e1 confirmado entre os 32 participantes, marcando um momento hist\u00f3rico para a competi\u00e7\u00e3o. Reconhecido por sua forte forma\u00e7\u00e3o de atletas, o clube revelou nomes como Cristian Romero, campe\u00e3o mundial com a Argentina na Copa do Catar de 2022 e atualmente destaque do Tottenham Hotspur.<\/p>\n\n\n\n<p>A trajet\u00f3ria da Supercopa Capital demonstra seu crescimento consistente ao longo dos anos. A primeira edi\u00e7\u00e3o, em 2023, contou com oito equipes e teve o Goi\u00e1s Esporte Clube como campe\u00e3o. Em 2024, o torneio dobrou de tamanho, reunindo 16 times e consagrando o Athletico Paranaense. J\u00e1 em sua terceira edi\u00e7\u00e3o, com 32 participantes, o t\u00edtulo ficou com o Fortaleza Esporte Clube, sob o comando de Fred Guedes em sua estreia como treinador.<\/p>\n\n\n\n<p>Para a edi\u00e7\u00e3o de 2026, alguns clubes j\u00e1 est\u00e3o confirmados: Capital CF (DF), Atl\u00e9tico Mineiro (MG), Gr\u00eamio Novorizontino (SP), Base do Le\u00e3o Dourado (RR), Novo Hamburgo (RS) e o j\u00e1 citado Club Atl\u00e9tico Belgrano (ARG). Novos participantes ser\u00e3o anunciados nos pr\u00f3ximos dias.<\/p>\n\n\n\n<p>A Supercopa Capital segue firme em seu prop\u00f3sito de revelar talentos, promover integra\u00e7\u00e3o entre clubes e proporcionar uma experi\u00eancia de alto n\u00edvel competitivo para jovens atletas. Em dezembro, os olhos do futebol de base estar\u00e3o voltados para Bras\u00edlia.<\/p>\n","protected":false},"excerpt":{"rendered":"<p>A Supercopa Capital chega \u00e0 sua quarta edi\u00e7\u00e3o consolidada como uma das principais vitrines do futebol de base no Brasil. Entre os dias 1\u00ba e 14 de dezembro, a bola vai rolar em Bras\u00edlia, reunindo alguns dos principais talentos do futebol nacional e internacional em busca do t\u00edtulo. Uma das grandes novidades desta edi\u00e7\u00e3o \u00e9 [&hellip;]<\/p>\n","protected":false},"author":53,"featured_media":30414,"comment_status":"closed","ping_status":"closed","sticky":false,"template":"","format":"standard","meta":{"footnotes":""},"categories":[8],"tags":[1391],"class_list":["post-30413","post","type-post","status-publish","format-standard","has-post-thumbnail","hentry","category-futebol","tag-supercopa-capital"],"_links":{"self":[{"href":"https:\/\/www.esportesbrasilia.com.br\/noticias\/wp-json\/wp\/v2\/posts\/30413","targetHints":{"allow":["GET"]}}],"collection":[{"href":"https:\/\/www.esportesbrasilia.com.br\/noticias\/wp-json\/wp\/v2\/posts"}],"about":[{"href":"https:\/\/www.esportesbrasilia.com.br\/noticias\/wp-json\/wp\/v2\/types\/post"}],"author":[{"embeddable":true,"href":"https:\/\/www.esportesbrasilia.com.br\/noticias\/wp-json\/wp\/v2\/users\/53"}],"replies":[{"embeddable":true,"href":"https:\/\/www.esportesbrasilia.com.br\/noticias\/wp-json\/wp\/v2\/comments?post=30413"}],"version-history":[{"count":2,"href":"https:\/\/www.esportesbrasilia.com.br\/noticias\/wp-json\/wp\/v2\/posts\/30413\/revisions"}],"predecessor-version":[{"id":30416,"href":"https:\/\/www.esportesbrasilia.com.br\/noticias\/wp-json\/wp\/v2\/posts\/30413\/revisions\/30416"}],"wp:featuredmedia":[{"embeddable":true,"href":"https:\/\/www.esportesbrasilia.com.br\/noticias\/wp-json\/wp\/v2\/media\/30414"}],"wp:attachment":[{"href":"https:\/\/www.esportesbrasilia.com.br\/noticias\/wp-json\/wp\/v2\/media?parent=30413"}],"wp:term":[{"taxonomy":"category","embeddable":true,"href":"https:\/\/www.esportesbrasilia.com.br\/noticias\/wp-json\/wp\/v2\/categories?post=30413"},{"taxonomy":"post_tag","embeddable":true,"href":"https:\/\/www.esportesbrasilia.com.br\/noticias\/wp-json\/wp\/v2\/tags?post=30413"}],"curies":[{"name":"wp","href":"https:\/\/api.w.org\/{rel}","templated":true}]}}